{"id":12226,"date":"2014-10-02T20:59:07","date_gmt":"2014-10-02T17:59:07","guid":{"rendered":"http:\/\/www.sana.sy\/tr\/?p=12226"},"modified":"2014-10-03T17:09:02","modified_gmt":"2014-10-03T14:09:02","slug":"katliami-batinin-iliman-muhalefet-olarak-adlandirdiklari-ve-suudinin-finanse-edip-egittigi-teroristler-isledi","status":"publish","type":"post","link":"https:\/\/archive.sana.sy\/tr\/?p=12226","title":{"rendered":"Katliam\u0131 Bat\u0131n\u0131n \u2018Il\u0131man Muhalefet\u2019 Olarak Adland\u0131rd\u0131klar\u0131 ve Suudi\u2019nin Finanse Edip E\u011fitti\u011fi Ter\u00f6ristler \u0130\u015fledi"},"content":{"rendered":"<p>\u015eAM \u2013 D\u0131\u015fi\u015fleri ve Gurbet\u00e7iler Bakanl\u0131\u011f\u0131 Homs Kentinde \u0130krime Semtinde okul \u00e7\u0131k\u0131\u015f\u0131 s\u0131ras\u0131nda masum Suriyeli \u00e7ocuklar\u0131 hedef alan vah\u015fi ter\u00f6rist cinayet hakk\u0131nda BM genel sekreteri ve G\u00fcvenlik Konseyi ba\u015fkan\u0131na e\u015f iki mektup g\u00f6nderdi.<\/p>\n<p>Mektupta, silahl\u0131 ter\u00f6rist \u00f6rg\u00fctlerin bu defa kurbanlar\u0131 Homs Kentinde \u0130krime Semtinde okullar\u0131ndan \u00e7\u0131kmakta olan masum \u00e7ocuklara y\u00f6nelik yeni bir cinayet i\u015fledi\u011fini, cinayet sonucu 22\u2019si \u00e7ocuk 33 vatanda\u015f\u0131n \u015fehit d\u00fc\u015ft\u00fc\u011f\u00fcn\u00fc, \u00e7o\u011fu \u00e7ocuk 102 vatanda\u015f\u0131n yaraland\u0131\u011f\u0131n\u0131 ve okulda b\u00fcy\u00fck hasar meydana geldi\u011fine dikkat \u00e7ekti.<\/p>\n<p>Bakanl\u0131k, bir ter\u00f6ristin 1 Ekim 2014 \u00c7ar\u015famba g\u00fcn\u00fc Yeni \u0130krime Okulu \u00f6n\u00fcnde bomba d\u00fczene\u011fini havaya u\u00e7urmas\u0131 ard\u0131ndan patlatmas\u0131ndan bir ka\u00e7 dakika sonra ayn\u0131 ter\u00f6ristin talebe ve ailelerinde daha fazla kurban d\u00fc\u015f\u00fcrmek i\u00e7in \u0130krime el Mekhzumi \u0130lk\u00f6\u011fretim Okulu \u00f6n\u00fcnde giyindi\u011fi intihar kemeri ile kendini havaya u\u00e7urdu\u011funu kaydetti.<\/p>\n<p>D\u0131\u015fi\u015fleri Bakanl\u0131\u011f\u0131 iki ter\u00f6rist sald\u0131r\u0131 hakk\u0131nda elde edilen b\u00fct\u00fcn verilerin bu cinayeti planlayan ve uygulayan\u0131n baz\u0131 bat\u0131l\u0131 \u00fclkelerin ve onlar\u0131n b\u00f6lgesel i\u015fbirlik\u00e7ilerinin \u201cSilahl\u0131 Il\u0131ml\u0131 Muhalefet\u201d ismini vermeyi sevdi\u011fi ter\u00f6r \u00f6rg\u00fctleri oldu\u011funu kan\u0131tlad\u0131\u011f\u0131n\u0131n alt\u0131n\u0131 \u00e7izdi.<\/p>\n<p>\u00c7ocuk ve sivilleri \u00f6ld\u00fcrmenin hi\u00e7 bir ba\u015fl\u0131k alt\u0131nda a\u00e7\u0131klanamaz bir cinayet oldu\u011funu ifade eden Bakanl\u0131k BM\u2019nin temsil etti\u011fi uluslararas\u0131 toplumun ter\u00f6r \u00f6rg\u00fctlerinin son olarak \u00e7ocuk okullar\u0131n\u0131 hedef alan ter\u00f6rist sald\u0131r\u0131lara benzeyen, Suriye\u2019de i\u015fledi\u011fi cinayetleri k\u0131namamas\u0131 veya bu \u00f6rg\u00fctleri bu cinayetleri i\u015flemeye cesaretlendirdi\u011fini kaydetti.<\/p>\n<p>Baz\u0131 \u00fclkelerin \u201csilahl\u0131 \u0131l\u0131man muhalefet\u201d ve \u201csilahl\u0131 radikal muhalefet\u201d adland\u0131rmalar\u0131yla ay\u0131r\u0131m yapmas\u0131n\u0131n sa\u011fl\u0131kl\u0131 mant\u0131kla \u00e7eli\u015fti\u011fini vurgu yapan Bakanl\u0131k, ter\u00f6r\u00fcn yayg\u0131nla\u015fmas\u0131ndan \u00f6t\u00fcr\u00fc d\u00fcnyan\u0131n y\u00fcz y\u00fcze kald\u0131\u011f\u0131 meseleleri \u00e7\u00f6zmeye yarar vermedi\u011fini dile getirdi. Bakanl\u0131k Suriye\u2019nin \u00fc\u00e7 y\u0131ldan beri baz\u0131 \u00fclkelerin ter\u00f6rle m\u00fccadele konusunda \u00e7ifte standart uygulay\u0131p, \u201csilahl\u0131 \u0131l\u0131man muhalefete\u201d yard\u0131m ba\u015fta olmak \u00fczere bir \u00e7ok bahaneyle ter\u00f6ristlere silahland\u0131rma, finans, bar\u0131nma ve e\u011fitim yard\u0131m\u0131 vermesinden uyard\u0131\u011f\u0131n\u0131 hat\u0131rlatt\u0131. Bakanl\u0131k y\u0131k\u0131ma ve masum vatanda\u015flar\u0131 katletme ve kesmesi i\u00e7in ter\u00f6r \u00f6rg\u00fctlerine a\u00e7\u0131k bir izin vermesinden dolay\u0131 bu politikalar\u0131n hemen durmas\u0131 gerekti\u011fini vurgulad\u0131.<\/p>\n<p>Suudi Arabistan\u2019\u0131n ona e\u011fitim kamplar\u0131 a\u00e7aca\u011f\u0131n\u0131 ilan etti\u011fi s\u00f6zde \u201cSuriye\u2019de Il\u0131man Muhalefet\u201din Suriye \u00e7ocuklar\u0131 ve halk\u0131na kar\u015f\u0131, vatanda\u015flar\u0131 kesmekten onlar\u0131n kalplerini d\u00fcnya g\u00f6z\u00fc \u00f6n\u00fcnde yemeye kadar b\u00fct\u00fcn cinayetleri i\u015fledi\u011fini vurgulayan D\u0131\u015fi\u015fleri ve Gurbet\u00e7iler Bakanl\u0131\u011f\u0131, Suriye \u00e7ocuklar\u0131na b\u00fct\u00fcn kinini g\u00f6steren ter\u00f6r \u00f6rg\u00fctlerinin ideolojisini ve y\u00f6ntemini \u00f6zetleyen Homs\u2019ta okul \u00e7ocuklar\u0131n\u0131 katletme cinayetinin Suriye\u2019de \u00e7ocuklar\u0131 hedef lan ilk cinayet olmad\u0131\u011f\u0131n\u0131, daha \u00f6nce ter\u00f6r \u00f6rg\u00fctlerinin \u00fc\u00e7 ya\u015f alt\u0131 \u00e7ocuklara kar\u015f\u0131 cinayetler i\u015fledi\u011fini kaydetti.<\/p>\n<p>Bakanl\u0131k, ter\u00f6r \u00f6rg\u00fctlerine ba\u011fl\u0131 sahte sa\u011fl\u0131k kurumlar\u0131n\u0131n ve T\u00fcrkiye H\u00fck\u00fcmetinin i\u015fbirli\u011fiyle \u00fc\u00e7 ya\u015f alt\u0131 \u00e7ocuklar\u0131n kurban\u0131 oldu\u011fu insani bir felaketin i\u015flendi\u011fini hat\u0131rlayan bakanl\u0131k, zaman\u0131nda bozuk ve zehirli k\u0131zam\u0131k a\u015f\u0131s\u0131yla a\u015f\u0131lanmalar\u0131 sonucunda 15 \u00e7ocu\u011fun \u015fehit d\u00fc\u015ft\u00fc\u011f\u00fcne, onlarca \u00e7ocu\u011fun bo\u011fulma ge\u00e7irdi\u011fine dikkat \u00e7ekti.<\/p>\n<p>Bu ter\u00f6rist sald\u0131r\u0131lar\u0131n Suriye \u015fehirlerinin ge\u00e7en s\u00fcrede \u015fahit oldu\u011fu bombal\u0131 ter\u00f6r eylemleri ve sald\u0131r\u0131lar zincirinin bir halkas\u0131 olarak ger\u00e7ekle\u015fti\u011fini beyan eden Bakanl\u0131k, b\u00f6lgenin i\u00e7erisinden ve d\u0131\u015far\u0131s\u0131ndan belli \u00fclkelerden mal, silah, e\u011fitim ve bar\u0131nak yard\u0131m\u0131 alan silahl\u0131 ter\u00f6r \u00f6rg\u00fctlerinin yerle\u015fim alanlar\u0131na havan mermileri atmaya devam ettiklerini belirtti. Bakanl\u0131k, sadece A\u011fustos ve Eyl\u00fcl aylar\u0131 i\u00e7erisinde toplam 1887 havan mermisi sald\u0131r\u0131s\u0131 d\u00fczenlenmesi sonucunda aralar\u0131nda kad\u0131n ve \u00e7ocuklar\u0131n oldu\u011fu 296 sivilin \u015fehit, 1487 sivilin de yaral\u0131 d\u00fc\u015ft\u00fc\u011f\u00fcn\u00fc ifade etti.<\/p>\n<p>BM G\u00fcvenlik Konseyinin 7. bent alt\u0131nda \u00e7\u0131kard\u0131\u011f\u0131 kararlara dikkat \u00e7eken Bakanl\u0131k ba\u015fta; ter\u00f6rist eylemlere finansmanl\u0131\u011f\u0131 engelleme, ter\u00f6rist \u00f6rg\u00fct ve elemanlar\u0131n\u0131n mal varl\u0131klar\u0131n\u0131n dondurulmas\u0131 gere\u011fini ifade etti. Uygulayanlar\u0131 ve finanse edenleri su\u00e7layan ve her hangi bir yard\u0131m ve yatakl\u0131k vermeyi kesmekle birlikte \u2018Irak ve \u015eam\u2019da \u0130slam Devleti I\u015e\u0130D\u2019 ve el Kaide \u00d6rg\u00fct\u00fc ili\u015fkili b\u00fct\u00fcn birey, \u00f6rg\u00fct, kurum ve varl\u0131klarla m\u00fccadeleyi \u00f6ng\u00f6ren 2003 y\u0131l\u0131 1373 say\u0131l\u0131 karara dikkat \u00e7eken Bakanl\u0131k y\u0131k\u0131c\u0131 d\u00fc\u015f\u00fcnce ve ideolojilerle m\u00fccadeleyi \u00f6ng\u00f6ren 2014 y\u0131l\u0131 2170 say\u0131l\u0131 karar\u0131n alt\u0131n\u0131 \u00e7izdi. Bakanl\u0131k bunlar\u0131n yan\u0131 s\u0131ra yabanc\u0131 ter\u00f6ristleri bast\u0131rma ve takip etme karar\u0131 olmak \u00fczere bu kararlar\u0131n ter\u00f6r eylemler kar\u015f\u0131s\u0131nda net bir tav\u0131r ald\u0131\u011f\u0131n\u0131, hepsinin uygulay\u0131c\u0131, destekleyici ve finans sa\u011flay\u0131c\u0131s\u0131na kar\u015f\u0131 yapt\u0131r\u0131m \u00f6ng\u00f6rd\u00fcklerini ifade etti.<\/p>\n<p>Bakanl\u0131k e\u015f mektuplar\u0131n\u0131 \u015f\u00f6yle bitirdi: \u201cSuriye Arap Cumhuriyeti H\u00fck\u00fcmeti, G\u00fcvenlik Konseyinden bu cinayet ve ter\u00f6r \u00f6rg\u00fctlerinin i\u015fledi\u011fi di\u011fer cinayetler kar\u015f\u0131s\u0131nda net bir tav\u0131r g\u00f6stermesini, ter\u00f6rle m\u00fccadele konusunda ald\u0131\u011f\u0131 kararlara uygun bir \u015fekilde Homs\u2019ta i\u015flenen ter\u00f6r eylemlerini \u015fiddetli bir \u015fekilde k\u0131namas\u0131n\u0131 talep etti\u201d<\/p>\n","protected":false},"excerpt":{"rendered":"<p>\u015eAM \u2013 D\u0131\u015fi\u015fleri ve Gurbet\u00e7iler Bakanl\u0131\u011f\u0131 Homs Kentinde \u0130krime Semtinde okul \u00e7\u0131k\u0131\u015f\u0131 s\u0131ras\u0131nda masum Suriyeli \u00e7ocuklar\u0131 hedef alan vah\u015fi ter\u00f6rist cinayet hakk\u0131nda BM genel sekreteri ve G\u00fcvenlik Konseyi ba\u015fkan\u0131na e\u015f iki mektup g\u00f6nderdi. Mektupta, silahl\u0131 ter\u00f6rist \u00f6rg\u00fctlerin bu defa kurbanlar\u0131 Homs Kentinde \u0130krime Semtinde okullar\u0131ndan \u00e7\u0131kmakta olan masum \u00e7ocuklara y\u00f6nelik yeni bir cinayet i\u015fledi\u011fini, cinayet &hellip;<\/p>\n","protected":false},"author":1,"featured_media":12230,"comment_status":"closed","ping_status":"closed","sticky":false,"template":"","format":"standard","meta":{"footnotes":""},"categories":[479,478],"tags":[3010],"class_list":["post-12226","post","type-post","status-publish","format-standard","has-post-thumbnail","","category-haberler-yerel","category-yerel","tag-katliami-batinin-iliman-muhalefet-olarak-adlandirdiklari-ve-suudinin-finanse-edip-egittigi-teroristler-isledi"],"_links":{"self":[{"href":"https:\/\/archive.sana.sy\/tr\/index.php?rest_route=\/wp\/v2\/posts\/12226","targetHints":{"allow":["GET"]}}],"collection":[{"href":"https:\/\/archive.sana.sy\/tr\/index.php?rest_route=\/wp\/v2\/posts"}],"about":[{"href":"https:\/\/archive.sana.sy\/tr\/index.php?rest_route=\/wp\/v2\/types\/post"}],"author":[{"embeddable":true,"href":"https:\/\/archive.sana.sy\/tr\/index.php?rest_route=\/wp\/v2\/users\/1"}],"replies":[{"embeddable":true,"href":"https:\/\/archive.sana.sy\/tr\/index.php?rest_route=%2Fwp%2Fv2%2Fcomments&post=12226"}],"version-history":[{"count":0,"href":"https:\/\/archive.sana.sy\/tr\/index.php?rest_route=\/wp\/v2\/posts\/12226\/revisions"}],"wp:featuredmedia":[{"embeddable":true,"href":"https:\/\/archive.sana.sy\/tr\/index.php?rest_route=\/wp\/v2\/media\/12230"}],"wp:attachment":[{"href":"https:\/\/archive.sana.sy\/tr\/index.php?rest_route=%2Fwp%2Fv2%2Fmedia&parent=12226"}],"wp:term":[{"taxonomy":"category","embeddable":true,"href":"https:\/\/archive.sana.sy\/tr\/index.php?rest_route=%2Fwp%2Fv2%2Fcategories&post=12226"},{"taxonomy":"post_tag","embeddable":true,"href":"https:\/\/archive.sana.sy\/tr\/index.php?rest_route=%2Fwp%2Fv2%2Ftags&post=12226"}],"curies":[{"name":"wp","href":"https:\/\/api.w.org\/{rel}","templated":true}]}}