{"id":12242,"date":"2014-10-02T21:28:56","date_gmt":"2014-10-02T18:28:56","guid":{"rendered":"http:\/\/www.sana.sy\/tr\/?p=12242"},"modified":"2014-10-02T21:32:04","modified_gmt":"2014-10-02T18:32:04","slug":"gurcistanda-egitsm-kamplari-kafkas-bolgesinin-guvenligini-tehlikeye-sokar","status":"publish","type":"post","link":"https:\/\/archive.sana.sy\/tr\/?p=12242","title":{"rendered":"G\u00fcrcistan\u2019da E\u011fit\u015fm Kamplar\u0131 Kafkas B\u00f6lgesinin G\u00fcvenli\u011fini Tehlikeye Sokar"},"content":{"rendered":"<p>MOSKOVA \u2013 Rusya D\u0131\u015fi\u015fleri Bakanl\u0131\u011f\u0131; ABD\u2019nin Suriye&#8217;de \u2018\u0131l\u0131man muhalifler\u2019 olarak adland\u0131rd\u0131\u011f\u0131 ter\u00f6ristlere G\u00fcrcistan\u2019da e\u011fitim kamplar\u0131 kurma planlar\u0131na ili\u015fkin haberleri keskin bir dille ele\u015ftirirken; bu gibi ad\u0131mlar\u0131n Kafkas B\u00f6lgesinin g\u00fcneyine te\u015fkil edece\u011fi tehlike ve Rusya \u2013 G\u00fcrcistan ili\u015fkilerine olumsuz yans\u0131malar\u0131 konusunda Tiflis\u2019i uyard\u0131.<\/p>\n<p>Rus bakanl\u0131k bug\u00fcn yay\u0131nlad\u0131\u011f\u0131 beyanda Tiflis\u2019in ABD\u2019ye bu konuda izin verme karar\u0131 vermesi halinde bunun Rusya&#8217;ya yak\u0131n Kafkas b\u00f6lgesinde g\u00fcvenlik ve istikrar\u0131 sarsaca\u011f\u0131 gibi Rusya ve G\u00fcrcistan aras\u0131ndaki ili\u015fkilerin d\u00fczelmesini mutlak bir \u015fekilde olumsuz etkileyece\u011finin alt\u0131n\u0131 \u00e7izdi.<\/p>\n<p>Rusya&#8217;n\u0131n daha \u00f6nce de bu gibi haberleri dikkate al\u0131p ele\u015ftirilerde bulundu\u011funa i\u015faret eden Bakanl\u0131k; ba\u015fbakan ba\u015fta olmak \u00fczere G\u00fcrcistan otoritelerin bu haberleri yalanlayan a\u00e7\u0131klamalar\u0131n\u0131 ciddiye ald\u0131\u011f\u0131n\u0131, fakat yine de konuyu yak\u0131ndan takip edece\u011fini kaydetti.<\/p>\n","protected":false},"excerpt":{"rendered":"<p>MOSKOVA \u2013 Rusya D\u0131\u015fi\u015fleri Bakanl\u0131\u011f\u0131; ABD\u2019nin Suriye&#8217;de \u2018\u0131l\u0131man muhalifler\u2019 olarak adland\u0131rd\u0131\u011f\u0131 ter\u00f6ristlere G\u00fcrcistan\u2019da e\u011fitim kamplar\u0131 kurma planlar\u0131na ili\u015fkin haberleri keskin bir dille ele\u015ftirirken; bu gibi ad\u0131mlar\u0131n Kafkas B\u00f6lgesinin g\u00fcneyine te\u015fkil edece\u011fi tehlike ve Rusya \u2013 G\u00fcrcistan ili\u015fkilerine olumsuz yans\u0131malar\u0131 konusunda Tiflis\u2019i uyard\u0131. Rus bakanl\u0131k bug\u00fcn yay\u0131nlad\u0131\u011f\u0131 beyanda Tiflis\u2019in ABD\u2019ye bu konuda izin verme karar\u0131 vermesi &hellip;<\/p>\n","protected":false},"author":1,"featured_media":12243,"comment_status":"closed","ping_status":"closed","sticky":false,"template":"","format":"standard","meta":{"footnotes":""},"categories":[458,459,447],"tags":[3012],"class_list":["post-12242","post","type-post","status-publish","format-standard","has-post-thumbnail","","category-dunya1","category-haberler-arap-uluslararasi-politika","category-politika","tag-gurcistanda-egitsm-kamplari-kafkas-bolgesinin-guvenligini-tehlikeye-sokar"],"_links":{"self":[{"href":"https:\/\/archive.sana.sy\/tr\/index.php?rest_route=\/wp\/v2\/posts\/12242","targetHints":{"allow":["GET"]}}],"collection":[{"href":"https:\/\/archive.sana.sy\/tr\/index.php?rest_route=\/wp\/v2\/posts"}],"about":[{"href":"https:\/\/archive.sana.sy\/tr\/index.php?rest_route=\/wp\/v2\/types\/post"}],"author":[{"embeddable":true,"href":"https:\/\/archive.sana.sy\/tr\/index.php?rest_route=\/wp\/v2\/users\/1"}],"replies":[{"embeddable":true,"href":"https:\/\/archive.sana.sy\/tr\/index.php?rest_route=%2Fwp%2Fv2%2Fcomments&post=12242"}],"version-history":[{"count":0,"href":"https:\/\/archive.sana.sy\/tr\/index.php?rest_route=\/wp\/v2\/posts\/12242\/revisions"}],"wp:featuredmedia":[{"embeddable":true,"href":"https:\/\/archive.sana.sy\/tr\/index.php?rest_route=\/wp\/v2\/media\/12243"}],"wp:attachment":[{"href":"https:\/\/archive.sana.sy\/tr\/index.php?rest_route=%2Fwp%2Fv2%2Fmedia&parent=12242"}],"wp:term":[{"taxonomy":"category","embeddable":true,"href":"https:\/\/archive.sana.sy\/tr\/index.php?rest_route=%2Fwp%2Fv2%2Fcategories&post=12242"},{"taxonomy":"post_tag","embeddable":true,"href":"https:\/\/archive.sana.sy\/tr\/index.php?rest_route=%2Fwp%2Fv2%2Ftags&post=12242"}],"curies":[{"name":"wp","href":"https:\/\/api.w.org\/{rel}","templated":true}]}}