{"id":12248,"date":"2014-10-03T19:00:47","date_gmt":"2014-10-03T16:00:47","guid":{"rendered":"http:\/\/www.sana.sy\/tr\/?p=12248"},"modified":"2014-10-03T20:28:18","modified_gmt":"2014-10-03T17:28:18","slug":"el-esadin-yonlendirmesiyle-sehit-ailelerine-taziye-ziyareti","status":"publish","type":"post","link":"https:\/\/archive.sana.sy\/tr\/?p=12248","title":{"rendered":"El Esad\u2019\u0131n Y\u00f6nlendirmesiyle \u015eehit Ailelerine Taziye Ziyareti"},"content":{"rendered":"<p>\u015eAM \u2013 Cumhurba\u015fkan\u0131 Be\u015f\u015far el Esad\u2019\u0131n y\u00f6nlendirmesiyle Sosyalist Arap el Baas Partisi Genel Sekreter Yard\u0131mc\u0131s\u0131 Hilal el Hilal, d\u00fcn Homs Kentinin Akrame Semtinde okuldan \u00e7\u0131kan \u00e7ocuklar\u0131 hedef alan ter\u00f6r sald\u0131r\u0131s\u0131nda \u015fehit d\u00fc\u015fen \u00e7ocuklar\u0131n ailelerini ziyaret ederek derin taziyelerini sundu.<\/p>\n<p>Korkun\u00e7 ter\u00f6r sald\u0131r\u0131s\u0131n\u0131n meydana geldi\u011fi b\u00f6lgeye inceleme ziyaretinde bulunan Hilal; olaya tan\u0131k olan \u00f6\u011fretmen, \u00f6\u011frenci ve e\u011fitim g\u00f6revlilerinden olayla ilgili anlat\u0131mlar\u0131 dinledikten sonra olayda yaralanan ve hastanede tedavileri s\u00fcren yaral\u0131lar\u0131 da ziyaret etti.<\/p>\n<p>\u00c7ocuklar\u0131 hedef alan sald\u0131r\u0131n\u0131n ter\u00f6ristlerin korkakl\u0131\u011f\u0131 ve namertli\u011finin bir yans\u0131mas\u0131 oldu\u011funu dile getiren Hilal; okullar\u0131 ve \u00e7ocuklar\u0131 hedef alarak karanl\u0131k d\u00fc\u015f\u00fcncelerini bu topraklara ekeceklerini ve gelece\u011fe ta\u015f\u0131yacaklar\u0131n\u0131 hayal eden ter\u00f6ristlerin b\u00fcy\u00fck bir hesap hatas\u0131 yapt\u0131klar\u0131n\u0131n alt\u0131n\u0131 \u00e7izdi.<\/p>\n<p>Hilal; bu \u00fclkenin yi\u011fit analar\u0131 ve evlatlar\u0131 var oldu\u011fu s\u00fcrece ter\u00f6ristlerin karanl\u0131k d\u00fc\u015f\u00fcncelerinin bu topraklarda asla hayat bulamayaca\u011f\u0131n\u0131n alt\u0131n\u0131 \u00e7izdi.<\/p>\n","protected":false},"excerpt":{"rendered":"<p>\u015eAM \u2013 Cumhurba\u015fkan\u0131 Be\u015f\u015far el Esad\u2019\u0131n y\u00f6nlendirmesiyle Sosyalist Arap el Baas Partisi Genel Sekreter Yard\u0131mc\u0131s\u0131 Hilal el Hilal, d\u00fcn Homs Kentinin Akrame Semtinde okuldan \u00e7\u0131kan \u00e7ocuklar\u0131 hedef alan ter\u00f6r sald\u0131r\u0131s\u0131nda \u015fehit d\u00fc\u015fen \u00e7ocuklar\u0131n ailelerini ziyaret ederek derin taziyelerini sundu. Korkun\u00e7 ter\u00f6r sald\u0131r\u0131s\u0131n\u0131n meydana geldi\u011fi b\u00f6lgeye inceleme ziyaretinde bulunan Hilal; olaya tan\u0131k olan \u00f6\u011fretmen, \u00f6\u011frenci ve &hellip;<\/p>\n","protected":false},"author":1,"featured_media":12249,"comment_status":"closed","ping_status":"closed","sticky":false,"template":"","format":"standard","meta":{"footnotes":""},"categories":[608,479,478],"tags":[],"class_list":["post-12248","post","type-post","status-publish","format-standard","has-post-thumbnail","","category-etkinlikler","category-haberler-yerel","category-yerel"],"_links":{"self":[{"href":"https:\/\/archive.sana.sy\/tr\/index.php?rest_route=\/wp\/v2\/posts\/12248","targetHints":{"allow":["GET"]}}],"collection":[{"href":"https:\/\/archive.sana.sy\/tr\/index.php?rest_route=\/wp\/v2\/posts"}],"about":[{"href":"https:\/\/archive.sana.sy\/tr\/index.php?rest_route=\/wp\/v2\/types\/post"}],"author":[{"embeddable":true,"href":"https:\/\/archive.sana.sy\/tr\/index.php?rest_route=\/wp\/v2\/users\/1"}],"replies":[{"embeddable":true,"href":"https:\/\/archive.sana.sy\/tr\/index.php?rest_route=%2Fwp%2Fv2%2Fcomments&post=12248"}],"version-history":[{"count":0,"href":"https:\/\/archive.sana.sy\/tr\/index.php?rest_route=\/wp\/v2\/posts\/12248\/revisions"}],"wp:featuredmedia":[{"embeddable":true,"href":"https:\/\/archive.sana.sy\/tr\/index.php?rest_route=\/wp\/v2\/media\/12249"}],"wp:attachment":[{"href":"https:\/\/archive.sana.sy\/tr\/index.php?rest_route=%2Fwp%2Fv2%2Fmedia&parent=12248"}],"wp:term":[{"taxonomy":"category","embeddable":true,"href":"https:\/\/archive.sana.sy\/tr\/index.php?rest_route=%2Fwp%2Fv2%2Fcategories&post=12248"},{"taxonomy":"post_tag","embeddable":true,"href":"https:\/\/archive.sana.sy\/tr\/index.php?rest_route=%2Fwp%2Fv2%2Ftags&post=12248"}],"curies":[{"name":"wp","href":"https:\/\/api.w.org\/{rel}","templated":true}]}}