{"id":122535,"date":"2017-08-20T12:35:29","date_gmt":"2017-08-20T09:35:29","guid":{"rendered":"http:\/\/www.sana.sy\/tr\/?p=122535"},"modified":"2017-08-20T12:54:18","modified_gmt":"2017-08-20T09:54:18","slug":"cumhurbaskani-bessar-el-esad-suriyenin-tarih-boyunca-onemli-bir-hedef-oldugunu-belirtirken-bu-hedefi-kontrol-edenin-de-ortadoguda-kararlari-kontrol-ettigini-ve-boylece-dunya-genelinde-one","status":"publish","type":"post","link":"https:\/\/archive.sana.sy\/tr\/?p=122535","title":{"rendered":"Cumhurba\u015fkan\u0131 Be\u015f\u015far el Esad; Suriye&#8217;nin tarih boyunca \u00f6nemli bir hedef oldu\u011funu belirtirken, bu hedefi kontrol edenin de Ortado\u011fu\u2019da kararlar\u0131 kontrol etti\u011fini ve b\u00f6ylece d\u00fcnya genelinde \u00f6nemli ve etkin bir s\u00f6z sahibi oldu\u011funun alt\u0131n\u0131 \u00e7izdi"},"content":{"rendered":"<p>Cumhurba\u015fkan\u0131 Be\u015f\u015far el Esad; Suriye&#8217;nin tarih boyunca \u00f6nemli bir hedef oldu\u011funu belirtirken, bu hedefi kontrol edenin de Ortado\u011fu\u2019da kararlar\u0131 kontrol etti\u011fini ve b\u00f6ylece d\u00fcnya genelinde \u00f6nemli ve etkin bir s\u00f6z sahibi oldu\u011funun alt\u0131n\u0131 \u00e7izdi<\/p>\n","protected":false},"excerpt":{"rendered":"<p>Cumhurba\u015fkan\u0131 Be\u015f\u015far el Esad; Suriye&#8217;nin tarih boyunca \u00f6nemli bir hedef oldu\u011funu belirtirken, bu hedefi kontrol edenin de Ortado\u011fu\u2019da kararlar\u0131 kontrol etti\u011fini ve b\u00f6ylece d\u00fcnya genelinde \u00f6nemli ve etkin bir s\u00f6z sahibi oldu\u011funun alt\u0131n\u0131 \u00e7izdi<\/p>\n","protected":false},"author":1,"featured_media":0,"comment_status":"closed","ping_status":"closed","sticky":false,"template":"","format":"standard","meta":{"footnotes":""},"categories":[17991],"tags":[],"class_list":["post-122535","post","type-post","status-publish","format-standard","","category-son-dakika"],"_links":{"self":[{"href":"https:\/\/archive.sana.sy\/tr\/index.php?rest_route=\/wp\/v2\/posts\/122535","targetHints":{"allow":["GET"]}}],"collection":[{"href":"https:\/\/archive.sana.sy\/tr\/index.php?rest_route=\/wp\/v2\/posts"}],"about":[{"href":"https:\/\/archive.sana.sy\/tr\/index.php?rest_route=\/wp\/v2\/types\/post"}],"author":[{"embeddable":true,"href":"https:\/\/archive.sana.sy\/tr\/index.php?rest_route=\/wp\/v2\/users\/1"}],"replies":[{"embeddable":true,"href":"https:\/\/archive.sana.sy\/tr\/index.php?rest_route=%2Fwp%2Fv2%2Fcomments&post=122535"}],"version-history":[{"count":0,"href":"https:\/\/archive.sana.sy\/tr\/index.php?rest_route=\/wp\/v2\/posts\/122535\/revisions"}],"wp:attachment":[{"href":"https:\/\/archive.sana.sy\/tr\/index.php?rest_route=%2Fwp%2Fv2%2Fmedia&parent=122535"}],"wp:term":[{"taxonomy":"category","embeddable":true,"href":"https:\/\/archive.sana.sy\/tr\/index.php?rest_route=%2Fwp%2Fv2%2Fcategories&post=122535"},{"taxonomy":"post_tag","embeddable":true,"href":"https:\/\/archive.sana.sy\/tr\/index.php?rest_route=%2Fwp%2Fv2%2Ftags&post=122535"}],"curies":[{"name":"wp","href":"https:\/\/api.w.org\/{rel}","templated":true}]}}