{"id":122542,"date":"2017-08-20T12:54:48","date_gmt":"2017-08-20T09:54:48","guid":{"rendered":"http:\/\/www.sana.sy\/tr\/?p=122542"},"modified":"2017-08-20T13:07:01","modified_gmt":"2017-08-20T10:07:01","slug":"konferansin-ozellikle-suriyede-olmak-uzere-bolge-ve-tum-dunyadaki-hizli-gelismeler-golgesinde-geldigine-dikkat-ceken-el-esad-dolayisiyla-firsatin-degerlendirilmesi-onemine-isaret-etti","status":"publish","type":"post","link":"https:\/\/archive.sana.sy\/tr\/?p=122542","title":{"rendered":"Konferans\u0131n \u00f6zellikle Suriye&#8217;de olmak \u00fczere b\u00f6lge ve t\u00fcm d\u00fcnyadaki h\u0131zl\u0131 geli\u015fmeler g\u00f6lgesinde geldi\u011fine dikkat \u00e7eken el Esad; dolay\u0131s\u0131yla f\u0131rsat\u0131n de\u011ferlendirilmesi \u00f6nemine i\u015faret etti."},"content":{"rendered":"<p>Konferans\u0131n \u00f6zellikle Suriye&#8217;de olmak \u00fczere b\u00f6lge ve t\u00fcm d\u00fcnyadaki h\u0131zl\u0131 geli\u015fmeler g\u00f6lgesinde geldi\u011fine dikkat \u00e7eken el Esad; dolay\u0131s\u0131yla f\u0131rsat\u0131n de\u011ferlendirilmesi \u00f6nemine i\u015faret etti.<\/p>\n","protected":false},"excerpt":{"rendered":"<p>Konferans\u0131n \u00f6zellikle Suriye&#8217;de olmak \u00fczere b\u00f6lge ve t\u00fcm d\u00fcnyadaki h\u0131zl\u0131 geli\u015fmeler g\u00f6lgesinde geldi\u011fine dikkat \u00e7eken el Esad; dolay\u0131s\u0131yla f\u0131rsat\u0131n de\u011ferlendirilmesi \u00f6nemine i\u015faret etti.<\/p>\n","protected":false},"author":1,"featured_media":0,"comment_status":"closed","ping_status":"closed","sticky":false,"template":"","format":"standard","meta":{"footnotes":""},"categories":[17991],"tags":[],"class_list":["post-122542","post","type-post","status-publish","format-standard","","category-son-dakika"],"_links":{"self":[{"href":"https:\/\/archive.sana.sy\/tr\/index.php?rest_route=\/wp\/v2\/posts\/122542","targetHints":{"allow":["GET"]}}],"collection":[{"href":"https:\/\/archive.sana.sy\/tr\/index.php?rest_route=\/wp\/v2\/posts"}],"about":[{"href":"https:\/\/archive.sana.sy\/tr\/index.php?rest_route=\/wp\/v2\/types\/post"}],"author":[{"embeddable":true,"href":"https:\/\/archive.sana.sy\/tr\/index.php?rest_route=\/wp\/v2\/users\/1"}],"replies":[{"embeddable":true,"href":"https:\/\/archive.sana.sy\/tr\/index.php?rest_route=%2Fwp%2Fv2%2Fcomments&post=122542"}],"version-history":[{"count":0,"href":"https:\/\/archive.sana.sy\/tr\/index.php?rest_route=\/wp\/v2\/posts\/122542\/revisions"}],"wp:attachment":[{"href":"https:\/\/archive.sana.sy\/tr\/index.php?rest_route=%2Fwp%2Fv2%2Fmedia&parent=122542"}],"wp:term":[{"taxonomy":"category","embeddable":true,"href":"https:\/\/archive.sana.sy\/tr\/index.php?rest_route=%2Fwp%2Fv2%2Fcategories&post=122542"},{"taxonomy":"post_tag","embeddable":true,"href":"https:\/\/archive.sana.sy\/tr\/index.php?rest_route=%2Fwp%2Fv2%2Ftags&post=122542"}],"curies":[{"name":"wp","href":"https:\/\/api.w.org\/{rel}","templated":true}]}}