{"id":122545,"date":"2017-08-20T13:10:30","date_gmt":"2017-08-20T10:10:30","guid":{"rendered":"http:\/\/www.sana.sy\/tr\/?p=122545"},"modified":"2017-08-20T13:21:30","modified_gmt":"2017-08-20T10:21:30","slug":"tutum-ya-da-yon-degistirmenin-politika-degistirme-anlamina-gelmedigine-dikkat-ceken-el-esad-batili-devletlerin-de-tipki-yilan-gibi-her-daim-duruma-gore-derisini-degistirdigini-kaydetti","status":"publish","type":"post","link":"https:\/\/archive.sana.sy\/tr\/?p=122545","title":{"rendered":"Tutum ya da y\u00f6n de\u011fi\u015ftirmenin politika de\u011fi\u015ftirme anlam\u0131na gelmedi\u011fine dikkat \u00e7eken el Esad; Bat\u0131l\u0131 devletlerin de t\u0131pk\u0131 y\u0131lan gibi her daim duruma g\u00f6re derisini de\u011fi\u015ftirdi\u011fini kaydetti."},"content":{"rendered":"<p>Tutum ya da y\u00f6n de\u011fi\u015ftirmenin politika de\u011fi\u015ftirme anlam\u0131na gelmedi\u011fine dikkat \u00e7eken el Esad; Bat\u0131l\u0131 devletlerin de t\u0131pk\u0131 y\u0131lan gibi her daim duruma g\u00f6re derisini de\u011fi\u015ftirdi\u011fini kaydetti.<\/p>\n","protected":false},"excerpt":{"rendered":"<p>Tutum ya da y\u00f6n de\u011fi\u015ftirmenin politika de\u011fi\u015ftirme anlam\u0131na gelmedi\u011fine dikkat \u00e7eken el Esad; Bat\u0131l\u0131 devletlerin de t\u0131pk\u0131 y\u0131lan gibi her daim duruma g\u00f6re derisini de\u011fi\u015ftirdi\u011fini kaydetti.<\/p>\n","protected":false},"author":1,"featured_media":0,"comment_status":"closed","ping_status":"closed","sticky":false,"template":"","format":"standard","meta":{"footnotes":""},"categories":[17991],"tags":[],"class_list":["post-122545","post","type-post","status-publish","format-standard","","category-son-dakika"],"_links":{"self":[{"href":"https:\/\/archive.sana.sy\/tr\/index.php?rest_route=\/wp\/v2\/posts\/122545","targetHints":{"allow":["GET"]}}],"collection":[{"href":"https:\/\/archive.sana.sy\/tr\/index.php?rest_route=\/wp\/v2\/posts"}],"about":[{"href":"https:\/\/archive.sana.sy\/tr\/index.php?rest_route=\/wp\/v2\/types\/post"}],"author":[{"embeddable":true,"href":"https:\/\/archive.sana.sy\/tr\/index.php?rest_route=\/wp\/v2\/users\/1"}],"replies":[{"embeddable":true,"href":"https:\/\/archive.sana.sy\/tr\/index.php?rest_route=%2Fwp%2Fv2%2Fcomments&post=122545"}],"version-history":[{"count":0,"href":"https:\/\/archive.sana.sy\/tr\/index.php?rest_route=\/wp\/v2\/posts\/122545\/revisions"}],"wp:attachment":[{"href":"https:\/\/archive.sana.sy\/tr\/index.php?rest_route=%2Fwp%2Fv2%2Fmedia&parent=122545"}],"wp:term":[{"taxonomy":"category","embeddable":true,"href":"https:\/\/archive.sana.sy\/tr\/index.php?rest_route=%2Fwp%2Fv2%2Fcategories&post=122545"},{"taxonomy":"post_tag","embeddable":true,"href":"https:\/\/archive.sana.sy\/tr\/index.php?rest_route=%2Fwp%2Fv2%2Ftags&post=122545"}],"curies":[{"name":"wp","href":"https:\/\/api.w.org\/{rel}","templated":true}]}}