{"id":122547,"date":"2017-08-20T13:00:59","date_gmt":"2017-08-20T10:00:59","guid":{"rendered":"http:\/\/www.sana.sy\/tr\/?p=122547"},"modified":"2017-08-20T13:14:04","modified_gmt":"2017-08-20T10:14:04","slug":"abddeki-derin-rejime-isaret-eden-el-esad-bu-rejimin-idare-ve-yonetimde-baskani-ortak-etmeyip-sadece-belli-sinirlar-icinde-hareket-etmesine-izin-verdigini-ifade-etti","status":"publish","type":"post","link":"https:\/\/archive.sana.sy\/tr\/?p=122547","title":{"rendered":"ABD\u2019deki derin rejime i\u015faret eden el Esad; bu rejimin idare ve y\u00f6netimde ba\u015fkan\u0131 ortak etmeyip sadece belli s\u0131n\u0131rlar i\u00e7inde hareket etmesine izin verdi\u011fini ifade etti."},"content":{"rendered":"<p>ABD\u2019deki derin rejime i\u015faret eden el Esad; bu rejimin idare ve y\u00f6netimde ba\u015fkan\u0131 ortak etmeyip sadece belli s\u0131n\u0131rlar i\u00e7inde hareket etmesine izin verdi\u011fini ifade etti.<\/p>\n","protected":false},"excerpt":{"rendered":"<p>ABD\u2019deki derin rejime i\u015faret eden el Esad; bu rejimin idare ve y\u00f6netimde ba\u015fkan\u0131 ortak etmeyip sadece belli s\u0131n\u0131rlar i\u00e7inde hareket etmesine izin verdi\u011fini ifade etti.<\/p>\n","protected":false},"author":1,"featured_media":0,"comment_status":"closed","ping_status":"closed","sticky":false,"template":"","format":"standard","meta":{"footnotes":""},"categories":[17991],"tags":[],"class_list":["post-122547","post","type-post","status-publish","format-standard","","category-son-dakika"],"_links":{"self":[{"href":"https:\/\/archive.sana.sy\/tr\/index.php?rest_route=\/wp\/v2\/posts\/122547","targetHints":{"allow":["GET"]}}],"collection":[{"href":"https:\/\/archive.sana.sy\/tr\/index.php?rest_route=\/wp\/v2\/posts"}],"about":[{"href":"https:\/\/archive.sana.sy\/tr\/index.php?rest_route=\/wp\/v2\/types\/post"}],"author":[{"embeddable":true,"href":"https:\/\/archive.sana.sy\/tr\/index.php?rest_route=\/wp\/v2\/users\/1"}],"replies":[{"embeddable":true,"href":"https:\/\/archive.sana.sy\/tr\/index.php?rest_route=%2Fwp%2Fv2%2Fcomments&post=122547"}],"version-history":[{"count":0,"href":"https:\/\/archive.sana.sy\/tr\/index.php?rest_route=\/wp\/v2\/posts\/122547\/revisions"}],"wp:attachment":[{"href":"https:\/\/archive.sana.sy\/tr\/index.php?rest_route=%2Fwp%2Fv2%2Fmedia&parent=122547"}],"wp:term":[{"taxonomy":"category","embeddable":true,"href":"https:\/\/archive.sana.sy\/tr\/index.php?rest_route=%2Fwp%2Fv2%2Fcategories&post=122547"},{"taxonomy":"post_tag","embeddable":true,"href":"https:\/\/archive.sana.sy\/tr\/index.php?rest_route=%2Fwp%2Fv2%2Ftags&post=122547"}],"curies":[{"name":"wp","href":"https:\/\/api.w.org\/{rel}","templated":true}]}}