{"id":122549,"date":"2017-08-20T13:04:56","date_gmt":"2017-08-20T10:04:56","guid":{"rendered":"http:\/\/www.sana.sy\/tr\/?p=122549"},"modified":"2017-08-20T13:16:55","modified_gmt":"2017-08-20T10:16:55","slug":"cumhurbaskani-el-esad-suriye-ve-halkinin-bu-savasta-kuskusuz-pahali-bir-bedel-odediklerine-dikkat-cekerken-her-seye-ragmen-suriye-ve-halkina-karsi-dayatilan-bu-savasta-mucadele-etme-ve-vatani-savunm","status":"publish","type":"post","link":"https:\/\/archive.sana.sy\/tr\/?p=122549","title":{"rendered":"Cumhurba\u015fkan\u0131 el Esad; Suriye ve halk\u0131n\u0131n bu sava\u015fta ku\u015fkusuz pahal\u0131 bir bedel \u00f6dediklerine dikkat \u00e7ekerken, her \u015feye ra\u011fmen Suriye ve halk\u0131na kar\u015f\u0131 dayat\u0131lan bu sava\u015fta m\u00fccadele etme ve vatan\u0131 savunma bedelinin hi\u00e7 ku\u015fkusuz teslim olma bedelinden \u00e7ok daha az oldu\u011funun alt\u0131n\u0131 \u00e7izdi."},"content":{"rendered":"<p>Cumhurba\u015fkan\u0131 el Esad; Suriye ve halk\u0131n\u0131n bu sava\u015fta ku\u015fkusuz pahal\u0131 bir bedel \u00f6dediklerine dikkat \u00e7ekerken, her \u015feye ra\u011fmen Suriye ve halk\u0131na kar\u015f\u0131 dayat\u0131lan bu sava\u015fta m\u00fccadele etme ve vatan\u0131 savunma bedelinin hi\u00e7 ku\u015fkusuz teslim olma bedelinden \u00e7ok daha az oldu\u011funun alt\u0131n\u0131 \u00e7izdi.<\/p>\n","protected":false},"excerpt":{"rendered":"<p>Cumhurba\u015fkan\u0131 el Esad; Suriye ve halk\u0131n\u0131n bu sava\u015fta ku\u015fkusuz pahal\u0131 bir bedel \u00f6dediklerine dikkat \u00e7ekerken, her \u015feye ra\u011fmen Suriye ve halk\u0131na kar\u015f\u0131 dayat\u0131lan bu sava\u015fta m\u00fccadele etme ve vatan\u0131 savunma bedelinin hi\u00e7 ku\u015fkusuz teslim olma bedelinden \u00e7ok daha az oldu\u011funun alt\u0131n\u0131 \u00e7izdi.<\/p>\n","protected":false},"author":1,"featured_media":0,"comment_status":"closed","ping_status":"closed","sticky":false,"template":"","format":"standard","meta":{"footnotes":""},"categories":[17991],"tags":[],"class_list":["post-122549","post","type-post","status-publish","format-standard","","category-son-dakika"],"_links":{"self":[{"href":"https:\/\/archive.sana.sy\/tr\/index.php?rest_route=\/wp\/v2\/posts\/122549","targetHints":{"allow":["GET"]}}],"collection":[{"href":"https:\/\/archive.sana.sy\/tr\/index.php?rest_route=\/wp\/v2\/posts"}],"about":[{"href":"https:\/\/archive.sana.sy\/tr\/index.php?rest_route=\/wp\/v2\/types\/post"}],"author":[{"embeddable":true,"href":"https:\/\/archive.sana.sy\/tr\/index.php?rest_route=\/wp\/v2\/users\/1"}],"replies":[{"embeddable":true,"href":"https:\/\/archive.sana.sy\/tr\/index.php?rest_route=%2Fwp%2Fv2%2Fcomments&post=122549"}],"version-history":[{"count":0,"href":"https:\/\/archive.sana.sy\/tr\/index.php?rest_route=\/wp\/v2\/posts\/122549\/revisions"}],"wp:attachment":[{"href":"https:\/\/archive.sana.sy\/tr\/index.php?rest_route=%2Fwp%2Fv2%2Fmedia&parent=122549"}],"wp:term":[{"taxonomy":"category","embeddable":true,"href":"https:\/\/archive.sana.sy\/tr\/index.php?rest_route=%2Fwp%2Fv2%2Fcategories&post=122549"},{"taxonomy":"post_tag","embeddable":true,"href":"https:\/\/archive.sana.sy\/tr\/index.php?rest_route=%2Fwp%2Fv2%2Ftags&post=122549"}],"curies":[{"name":"wp","href":"https:\/\/api.w.org\/{rel}","templated":true}]}}