{"id":122551,"date":"2017-08-20T13:08:35","date_gmt":"2017-08-20T10:08:35","guid":{"rendered":"http:\/\/www.sana.sy\/tr\/?p=122551"},"modified":"2017-08-20T13:19:05","modified_gmt":"2017-08-20T10:19:05","slug":"el-esad-suriyenin-buyuk-fedakarliklarla-verdigi-bu-mucadelede-kendisine-ve-halkina-karsi-dayatilan-savasta-batililarin-planlarini-cokertmeyi-basardigini-ifade-etti","status":"publish","type":"post","link":"https:\/\/archive.sana.sy\/tr\/?p=122551","title":{"rendered":"El Esad Suriye&#8217;nin b\u00fcy\u00fck fedakarl\u0131klarla verdi\u011fi bu m\u00fccadelede, kendisine ve halk\u0131na kar\u015f\u0131 dayat\u0131lan sava\u015fta Bat\u0131l\u0131lar\u0131n planlar\u0131n\u0131 \u00e7\u00f6kertmeyi ba\u015fard\u0131\u011f\u0131n\u0131 ifade etti."},"content":{"rendered":"<p>El Esad Suriye&#8217;nin b\u00fcy\u00fck fedakarl\u0131klarla verdi\u011fi bu m\u00fccadelede, kendisine ve halk\u0131na kar\u015f\u0131 dayat\u0131lan sava\u015fta Bat\u0131l\u0131lar\u0131n planlar\u0131n\u0131 \u00e7\u00f6kertmeyi ba\u015fard\u0131\u011f\u0131n\u0131 ifade etti.<\/p>\n","protected":false},"excerpt":{"rendered":"<p>El Esad Suriye&#8217;nin b\u00fcy\u00fck fedakarl\u0131klarla verdi\u011fi bu m\u00fccadelede, kendisine ve halk\u0131na kar\u015f\u0131 dayat\u0131lan sava\u015fta Bat\u0131l\u0131lar\u0131n planlar\u0131n\u0131 \u00e7\u00f6kertmeyi ba\u015fard\u0131\u011f\u0131n\u0131 ifade etti.<\/p>\n","protected":false},"author":1,"featured_media":0,"comment_status":"closed","ping_status":"closed","sticky":false,"template":"","format":"standard","meta":{"footnotes":""},"categories":[17991],"tags":[],"class_list":["post-122551","post","type-post","status-publish","format-standard","","category-son-dakika"],"_links":{"self":[{"href":"https:\/\/archive.sana.sy\/tr\/index.php?rest_route=\/wp\/v2\/posts\/122551","targetHints":{"allow":["GET"]}}],"collection":[{"href":"https:\/\/archive.sana.sy\/tr\/index.php?rest_route=\/wp\/v2\/posts"}],"about":[{"href":"https:\/\/archive.sana.sy\/tr\/index.php?rest_route=\/wp\/v2\/types\/post"}],"author":[{"embeddable":true,"href":"https:\/\/archive.sana.sy\/tr\/index.php?rest_route=\/wp\/v2\/users\/1"}],"replies":[{"embeddable":true,"href":"https:\/\/archive.sana.sy\/tr\/index.php?rest_route=%2Fwp%2Fv2%2Fcomments&post=122551"}],"version-history":[{"count":0,"href":"https:\/\/archive.sana.sy\/tr\/index.php?rest_route=\/wp\/v2\/posts\/122551\/revisions"}],"wp:attachment":[{"href":"https:\/\/archive.sana.sy\/tr\/index.php?rest_route=%2Fwp%2Fv2%2Fmedia&parent=122551"}],"wp:term":[{"taxonomy":"category","embeddable":true,"href":"https:\/\/archive.sana.sy\/tr\/index.php?rest_route=%2Fwp%2Fv2%2Fcategories&post=122551"},{"taxonomy":"post_tag","embeddable":true,"href":"https:\/\/archive.sana.sy\/tr\/index.php?rest_route=%2Fwp%2Fv2%2Ftags&post=122551"}],"curies":[{"name":"wp","href":"https:\/\/api.w.org\/{rel}","templated":true}]}}