{"id":122553,"date":"2017-08-20T13:14:52","date_gmt":"2017-08-20T10:14:52","guid":{"rendered":"http:\/\/www.sana.sy\/tr\/?p=122553"},"modified":"2017-08-20T13:23:48","modified_gmt":"2017-08-20T10:23:48","slug":"suriye-ve-halkina-yonelik-bu-savasta-yurutulen-medya-hamleleri-psikolojik-savas-ve-gercekleri-carpitma-cabalarinin-suriyenin-terorle-mucadelesini-hicbir-sekilde-etkilemedigini-belirten-el-esad-dev","status":"publish","type":"post","link":"https:\/\/archive.sana.sy\/tr\/?p=122553","title":{"rendered":"Suriye ve halk\u0131na y\u00f6nelik bu sava\u015fta y\u00fcr\u00fct\u00fclen medya hamleleri, psikolojik sava\u015f ve ger\u00e7ekleri \u00e7arp\u0131tma \u00e7abalar\u0131n\u0131n Suriye&#8217;nin ter\u00f6rle m\u00fccadelesini hi\u00e7bir \u015fekilde etkilemedi\u011fini belirten el Esad; devleti ya da Suriye halk\u0131n\u0131 da korkutamad\u0131\u011f\u0131n\u0131 s\u00f6yledi."},"content":{"rendered":"<p>Suriye ve halk\u0131na y\u00f6nelik bu sava\u015fta y\u00fcr\u00fct\u00fclen medya hamleleri, psikolojik sava\u015f ve ger\u00e7ekleri \u00e7arp\u0131tma \u00e7abalar\u0131n\u0131n Suriye&#8217;nin ter\u00f6rle m\u00fccadelesini hi\u00e7bir \u015fekilde etkilemedi\u011fini belirten el Esad; devleti ya da Suriye halk\u0131n\u0131 da korkutamad\u0131\u011f\u0131n\u0131 s\u00f6yledi.<\/p>\n","protected":false},"excerpt":{"rendered":"<p>Suriye ve halk\u0131na y\u00f6nelik bu sava\u015fta y\u00fcr\u00fct\u00fclen medya hamleleri, psikolojik sava\u015f ve ger\u00e7ekleri \u00e7arp\u0131tma \u00e7abalar\u0131n\u0131n Suriye&#8217;nin ter\u00f6rle m\u00fccadelesini hi\u00e7bir \u015fekilde etkilemedi\u011fini belirten el Esad; devleti ya da Suriye halk\u0131n\u0131 da korkutamad\u0131\u011f\u0131n\u0131 s\u00f6yledi.<\/p>\n","protected":false},"author":1,"featured_media":0,"comment_status":"closed","ping_status":"closed","sticky":false,"template":"","format":"standard","meta":{"footnotes":""},"categories":[17991],"tags":[],"class_list":["post-122553","post","type-post","status-publish","format-standard","","category-son-dakika"],"_links":{"self":[{"href":"https:\/\/archive.sana.sy\/tr\/index.php?rest_route=\/wp\/v2\/posts\/122553","targetHints":{"allow":["GET"]}}],"collection":[{"href":"https:\/\/archive.sana.sy\/tr\/index.php?rest_route=\/wp\/v2\/posts"}],"about":[{"href":"https:\/\/archive.sana.sy\/tr\/index.php?rest_route=\/wp\/v2\/types\/post"}],"author":[{"embeddable":true,"href":"https:\/\/archive.sana.sy\/tr\/index.php?rest_route=\/wp\/v2\/users\/1"}],"replies":[{"embeddable":true,"href":"https:\/\/archive.sana.sy\/tr\/index.php?rest_route=%2Fwp%2Fv2%2Fcomments&post=122553"}],"version-history":[{"count":0,"href":"https:\/\/archive.sana.sy\/tr\/index.php?rest_route=\/wp\/v2\/posts\/122553\/revisions"}],"wp:attachment":[{"href":"https:\/\/archive.sana.sy\/tr\/index.php?rest_route=%2Fwp%2Fv2%2Fmedia&parent=122553"}],"wp:term":[{"taxonomy":"category","embeddable":true,"href":"https:\/\/archive.sana.sy\/tr\/index.php?rest_route=%2Fwp%2Fv2%2Fcategories&post=122553"},{"taxonomy":"post_tag","embeddable":true,"href":"https:\/\/archive.sana.sy\/tr\/index.php?rest_route=%2Fwp%2Fv2%2Ftags&post=122553"}],"curies":[{"name":"wp","href":"https:\/\/api.w.org\/{rel}","templated":true}]}}