{"id":122555,"date":"2017-08-20T13:16:10","date_gmt":"2017-08-20T10:16:10","guid":{"rendered":"http:\/\/www.sana.sy\/tr\/?p=122555"},"modified":"2017-08-20T13:25:45","modified_gmt":"2017-08-20T10:25:45","slug":"cumhurbaskani-el-esad-suriyenin-ilk-gunden-beri-terore-karsi-mucadele-ettigini-ve-bu-yonde-kararliligini-surdureceginin-altini-cizerken-vatan-topraklarinin-istisnasiz-her-karisinin-terorden-kurtari","status":"publish","type":"post","link":"https:\/\/archive.sana.sy\/tr\/?p=122555","title":{"rendered":"Cumhurba\u015fkan\u0131 el Esad; Suriye&#8217;nin ilk g\u00fcnden beri ter\u00f6re kar\u015f\u0131 m\u00fccadele etti\u011fini ve bu y\u00f6nde kararl\u0131l\u0131\u011f\u0131n\u0131 s\u00fcrd\u00fcrece\u011finin alt\u0131n\u0131 \u00e7izerken vatan topraklar\u0131n\u0131n istisnas\u0131z her kar\u0131\u015f\u0131n\u0131n ter\u00f6rden kurtar\u0131laca\u011f\u0131n\u0131 vurgulad\u0131."},"content":{"rendered":"<p>Cumhurba\u015fkan\u0131 el Esad; Suriye&#8217;nin ilk g\u00fcnden beri ter\u00f6re kar\u015f\u0131 m\u00fccadele etti\u011fini ve bu y\u00f6nde kararl\u0131l\u0131\u011f\u0131n\u0131 s\u00fcrd\u00fcrece\u011finin alt\u0131n\u0131 \u00e7izerken vatan topraklar\u0131n\u0131n istisnas\u0131z her kar\u0131\u015f\u0131n\u0131n ter\u00f6rden kurtar\u0131laca\u011f\u0131n\u0131 vurgulad\u0131.<\/p>\n","protected":false},"excerpt":{"rendered":"<p>Cumhurba\u015fkan\u0131 el Esad; Suriye&#8217;nin ilk g\u00fcnden beri ter\u00f6re kar\u015f\u0131 m\u00fccadele etti\u011fini ve bu y\u00f6nde kararl\u0131l\u0131\u011f\u0131n\u0131 s\u00fcrd\u00fcrece\u011finin alt\u0131n\u0131 \u00e7izerken vatan topraklar\u0131n\u0131n istisnas\u0131z her kar\u0131\u015f\u0131n\u0131n ter\u00f6rden kurtar\u0131laca\u011f\u0131n\u0131 vurgulad\u0131.<\/p>\n","protected":false},"author":1,"featured_media":0,"comment_status":"closed","ping_status":"closed","sticky":false,"template":"","format":"standard","meta":{"footnotes":""},"categories":[17991],"tags":[],"class_list":["post-122555","post","type-post","status-publish","format-standard","","category-son-dakika"],"_links":{"self":[{"href":"https:\/\/archive.sana.sy\/tr\/index.php?rest_route=\/wp\/v2\/posts\/122555","targetHints":{"allow":["GET"]}}],"collection":[{"href":"https:\/\/archive.sana.sy\/tr\/index.php?rest_route=\/wp\/v2\/posts"}],"about":[{"href":"https:\/\/archive.sana.sy\/tr\/index.php?rest_route=\/wp\/v2\/types\/post"}],"author":[{"embeddable":true,"href":"https:\/\/archive.sana.sy\/tr\/index.php?rest_route=\/wp\/v2\/users\/1"}],"replies":[{"embeddable":true,"href":"https:\/\/archive.sana.sy\/tr\/index.php?rest_route=%2Fwp%2Fv2%2Fcomments&post=122555"}],"version-history":[{"count":0,"href":"https:\/\/archive.sana.sy\/tr\/index.php?rest_route=\/wp\/v2\/posts\/122555\/revisions"}],"wp:attachment":[{"href":"https:\/\/archive.sana.sy\/tr\/index.php?rest_route=%2Fwp%2Fv2%2Fmedia&parent=122555"}],"wp:term":[{"taxonomy":"category","embeddable":true,"href":"https:\/\/archive.sana.sy\/tr\/index.php?rest_route=%2Fwp%2Fv2%2Fcategories&post=122555"},{"taxonomy":"post_tag","embeddable":true,"href":"https:\/\/archive.sana.sy\/tr\/index.php?rest_route=%2Fwp%2Fv2%2Ftags&post=122555"}],"curies":[{"name":"wp","href":"https:\/\/api.w.org\/{rel}","templated":true}]}}