{"id":122559,"date":"2017-08-20T13:18:30","date_gmt":"2017-08-20T10:18:30","guid":{"rendered":"http:\/\/www.sana.sy\/tr\/?p=122559"},"modified":"2017-08-20T13:27:49","modified_gmt":"2017-08-20T10:27:49","slug":"terorle-mucadelenin-herhangi-bir-adim-ya-da-calismanin-temel-hedefi-olduguna-dikkat-ceken-el-esad-teroru-yok-etmeden-adimlarda-basarili-olmanin-mumkun-olmadigini-kaydetti","status":"publish","type":"post","link":"https:\/\/archive.sana.sy\/tr\/?p=122559","title":{"rendered":"Ter\u00f6rle m\u00fccadelenin herhangi bir ad\u0131m ya da \u00e7al\u0131\u015fman\u0131n temel hedefi oldu\u011funa dikkat \u00e7eken el Esad; ter\u00f6r\u00fc yok etmeden ad\u0131mlarda ba\u015far\u0131l\u0131 olman\u0131n m\u00fcmk\u00fcn olmad\u0131\u011f\u0131n\u0131 kaydetti."},"content":{"rendered":"<p>Ter\u00f6rle m\u00fccadelenin herhangi bir ad\u0131m ya da \u00e7al\u0131\u015fman\u0131n temel hedefi oldu\u011funa dikkat \u00e7eken el Esad; ter\u00f6r\u00fc yok etmeden ad\u0131mlarda ba\u015far\u0131l\u0131 olman\u0131n m\u00fcmk\u00fcn olmad\u0131\u011f\u0131n\u0131 kaydetti.<\/p>\n","protected":false},"excerpt":{"rendered":"<p>Ter\u00f6rle m\u00fccadelenin herhangi bir ad\u0131m ya da \u00e7al\u0131\u015fman\u0131n temel hedefi oldu\u011funa dikkat \u00e7eken el Esad; ter\u00f6r\u00fc yok etmeden ad\u0131mlarda ba\u015far\u0131l\u0131 olman\u0131n m\u00fcmk\u00fcn olmad\u0131\u011f\u0131n\u0131 kaydetti.<\/p>\n","protected":false},"author":1,"featured_media":0,"comment_status":"closed","ping_status":"closed","sticky":false,"template":"","format":"standard","meta":{"footnotes":""},"categories":[17991],"tags":[],"class_list":["post-122559","post","type-post","status-publish","format-standard","","category-son-dakika"],"_links":{"self":[{"href":"https:\/\/archive.sana.sy\/tr\/index.php?rest_route=\/wp\/v2\/posts\/122559","targetHints":{"allow":["GET"]}}],"collection":[{"href":"https:\/\/archive.sana.sy\/tr\/index.php?rest_route=\/wp\/v2\/posts"}],"about":[{"href":"https:\/\/archive.sana.sy\/tr\/index.php?rest_route=\/wp\/v2\/types\/post"}],"author":[{"embeddable":true,"href":"https:\/\/archive.sana.sy\/tr\/index.php?rest_route=\/wp\/v2\/users\/1"}],"replies":[{"embeddable":true,"href":"https:\/\/archive.sana.sy\/tr\/index.php?rest_route=%2Fwp%2Fv2%2Fcomments&post=122559"}],"version-history":[{"count":0,"href":"https:\/\/archive.sana.sy\/tr\/index.php?rest_route=\/wp\/v2\/posts\/122559\/revisions"}],"wp:attachment":[{"href":"https:\/\/archive.sana.sy\/tr\/index.php?rest_route=%2Fwp%2Fv2%2Fmedia&parent=122559"}],"wp:term":[{"taxonomy":"category","embeddable":true,"href":"https:\/\/archive.sana.sy\/tr\/index.php?rest_route=%2Fwp%2Fv2%2Fcategories&post=122559"},{"taxonomy":"post_tag","embeddable":true,"href":"https:\/\/archive.sana.sy\/tr\/index.php?rest_route=%2Fwp%2Fv2%2Ftags&post=122559"}],"curies":[{"name":"wp","href":"https:\/\/api.w.org\/{rel}","templated":true}]}}