{"id":122561,"date":"2017-08-20T13:23:39","date_gmt":"2017-08-20T10:23:39","guid":{"rendered":"http:\/\/www.sana.sy\/tr\/?p=122561"},"modified":"2017-08-20T13:31:31","modified_gmt":"2017-08-20T10:31:31","slug":"cumhurbaskani-el-esad-belli-basli-devletler-ve-taraflarca-one-surulen-bir-kisim-girisim-ve-onerilerin-kotu-niyetli-oldugunun-bilinmesine-ragmen-suriyenin-bastan-beri-krizin-cozumu-konusunda-one-sur","status":"publish","type":"post","link":"https:\/\/archive.sana.sy\/tr\/?p=122561","title":{"rendered":"Cumhurba\u015fkan\u0131 el Esad; belli ba\u015fl\u0131 devletler ve taraflarca \u00f6ne s\u00fcr\u00fclen bir k\u0131s\u0131m giri\u015fim ve \u00f6nerilerin k\u00f6t\u00fc niyetli oldu\u011funun bilinmesine ra\u011fmen Suriye&#8217;nin ba\u015ftan beri krizin \u00e7\u00f6z\u00fcm\u00fc konusunda \u00f6ne s\u00fcr\u00fclen t\u00fcm ad\u0131m ve giri\u015fimlere tam bir esneklik ve olumlulukla yakla\u015ft\u0131\u011f\u0131n\u0131 belirtti."},"content":{"rendered":"<p>Cumhurba\u015fkan\u0131 el Esad; belli ba\u015fl\u0131 devletler ve taraflarca \u00f6ne s\u00fcr\u00fclen bir k\u0131s\u0131m giri\u015fim ve \u00f6nerilerin k\u00f6t\u00fc niyetli oldu\u011funun bilinmesine ra\u011fmen Suriye&#8217;nin ba\u015ftan beri krizin \u00e7\u00f6z\u00fcm\u00fc konusunda \u00f6ne s\u00fcr\u00fclen t\u00fcm ad\u0131m ve giri\u015fimlere tam bir esneklik ve olumlulukla yakla\u015ft\u0131\u011f\u0131n\u0131 belirtti.<\/p>\n","protected":false},"excerpt":{"rendered":"<p>Cumhurba\u015fkan\u0131 el Esad; belli ba\u015fl\u0131 devletler ve taraflarca \u00f6ne s\u00fcr\u00fclen bir k\u0131s\u0131m giri\u015fim ve \u00f6nerilerin k\u00f6t\u00fc niyetli oldu\u011funun bilinmesine ra\u011fmen Suriye&#8217;nin ba\u015ftan beri krizin \u00e7\u00f6z\u00fcm\u00fc konusunda \u00f6ne s\u00fcr\u00fclen t\u00fcm ad\u0131m ve giri\u015fimlere tam bir esneklik ve olumlulukla yakla\u015ft\u0131\u011f\u0131n\u0131 belirtti.<\/p>\n","protected":false},"author":1,"featured_media":0,"comment_status":"closed","ping_status":"closed","sticky":false,"template":"","format":"standard","meta":{"footnotes":""},"categories":[17991],"tags":[],"class_list":["post-122561","post","type-post","status-publish","format-standard","","category-son-dakika"],"_links":{"self":[{"href":"https:\/\/archive.sana.sy\/tr\/index.php?rest_route=\/wp\/v2\/posts\/122561","targetHints":{"allow":["GET"]}}],"collection":[{"href":"https:\/\/archive.sana.sy\/tr\/index.php?rest_route=\/wp\/v2\/posts"}],"about":[{"href":"https:\/\/archive.sana.sy\/tr\/index.php?rest_route=\/wp\/v2\/types\/post"}],"author":[{"embeddable":true,"href":"https:\/\/archive.sana.sy\/tr\/index.php?rest_route=\/wp\/v2\/users\/1"}],"replies":[{"embeddable":true,"href":"https:\/\/archive.sana.sy\/tr\/index.php?rest_route=%2Fwp%2Fv2%2Fcomments&post=122561"}],"version-history":[{"count":0,"href":"https:\/\/archive.sana.sy\/tr\/index.php?rest_route=\/wp\/v2\/posts\/122561\/revisions"}],"wp:attachment":[{"href":"https:\/\/archive.sana.sy\/tr\/index.php?rest_route=%2Fwp%2Fv2%2Fmedia&parent=122561"}],"wp:term":[{"taxonomy":"category","embeddable":true,"href":"https:\/\/archive.sana.sy\/tr\/index.php?rest_route=%2Fwp%2Fv2%2Fcategories&post=122561"},{"taxonomy":"post_tag","embeddable":true,"href":"https:\/\/archive.sana.sy\/tr\/index.php?rest_route=%2Fwp%2Fv2%2Ftags&post=122561"}],"curies":[{"name":"wp","href":"https:\/\/api.w.org\/{rel}","templated":true}]}}