{"id":122563,"date":"2017-08-20T14:08:03","date_gmt":"2017-08-20T11:08:03","guid":{"rendered":"http:\/\/www.sana.sy\/tr\/?p=122563"},"modified":"2017-08-21T15:25:36","modified_gmt":"2017-08-21T12:25:36","slug":"terorle-kazanamadiklarini-siyasi-yollarla-alamayacaklar","status":"publish","type":"post","link":"https:\/\/archive.sana.sy\/tr\/?p=122563","title":{"rendered":"Ter\u00f6rle Kazanamad\u0131klar\u0131n\u0131 Siyasi Yollarla Alamayacaklar (video)"},"content":{"rendered":"<p>\u015eAM \u2013 Cumhurba\u015fkan\u0131 Be\u015f\u015far el Esad; Suriye&#8217;nin tarih boyunca \u00f6nemli bir hedef oldu\u011funu belirtirken, bu hedefi kontrol edenin de Ortado\u011fu\u2019da kararlar\u0131 kontrol etti\u011fini ve b\u00f6ylece d\u00fcnya genelinde \u00f6nemli ve etkin bir s\u00f6z sahibi oldu\u011funun alt\u0131n\u0131 \u00e7izdi.<\/p>\n<p>D\u0131\u015fi\u015fleri ve Gurbet\u00e7iler Bakanl\u0131\u011f\u0131 Konferans\u0131n\u0131n a\u00e7\u0131l\u0131\u015f\u0131nda konu\u015fan el Esad; bu konferans\u0131n bilgi, d\u00fc\u015f\u00fcnce ve deneyim al\u0131\u015f veri\u015fi a\u00e7\u0131s\u0131ndan b\u00fcy\u00fck bir \u00f6nem te\u015fkil etti\u011fini ifade etti. El Esad konferans\u0131n ayn\u0131 zamanda devletin gelece\u011fe ili\u015fkin tutum ve politikalar\u0131n\u0131n tart\u0131\u015f\u0131l\u0131p geli\u015ftirilmesi, geli\u015ftirici \u00f6neri ve d\u00fc\u015f\u00fcncelerin \u00f6ne s\u00fcr\u00fclmesi ve D\u0131\u015fi\u015fleri Bakanl\u0131\u011f\u0131n\u0131n g\u00f6rev ve sorumluluklar\u0131nda daha ba\u015far\u0131l\u0131 ve etkin olmas\u0131na f\u0131rsat te\u015fkil etti\u011fine vurgu yapt\u0131.<\/p>\n<p><a href=\"http:\/\/www.sana.sy\/tr\/wp-content\/uploads\/2017\/08\/photo_2017-08-20_14-35-41.jpg\"><img loading=\"lazy\" decoding=\"async\" class=\"alignright wp-image-122577 size-medium\" src=\"http:\/\/www.sana.sy\/tr\/wp-content\/uploads\/2017\/08\/photo_2017-08-20_14-35-41-300x171.jpg\" alt=\"\" width=\"300\" height=\"171\" srcset=\"https:\/\/archive.sana.sy\/tr\/wp-content\/uploads\/2017\/08\/photo_2017-08-20_14-35-41-300x171.jpg 300w, https:\/\/archive.sana.sy\/tr\/wp-content\/uploads\/2017\/08\/photo_2017-08-20_14-35-41-150x86.jpg 150w, https:\/\/archive.sana.sy\/tr\/wp-content\/uploads\/2017\/08\/photo_2017-08-20_14-35-41-768x439.jpg 768w, https:\/\/archive.sana.sy\/tr\/wp-content\/uploads\/2017\/08\/photo_2017-08-20_14-35-41-1024x585.jpg 1024w, https:\/\/archive.sana.sy\/tr\/wp-content\/uploads\/2017\/08\/photo_2017-08-20_14-35-41.jpg 1280w\" sizes=\"auto, (max-width: 300px) 100vw, 300px\" \/><\/a>Konferans\u0131n \u00f6zellikle Suriye&#8217;de olmak \u00fczere b\u00f6lge ve t\u00fcm d\u00fcnyadaki h\u0131zl\u0131 geli\u015fmeler g\u00f6lgesinde geldi\u011fine dikkat \u00e7eken el Esad; dolay\u0131s\u0131yla f\u0131rsat\u0131n de\u011ferlendirilmesi \u00f6nemine i\u015faret etti.<\/p>\n<p>Cumhurba\u015fkan\u0131 el Esad; Bat\u0131n\u0131n g\u00fcn\u00fcm\u00fczde var olma \u00e7at\u0131\u015fmas\u0131 ya\u015fad\u0131\u011f\u0131na dikkat \u00e7ekerken, Bat\u0131l\u0131 devletlerin uluslar aras\u0131 kararlarda kendilerine ortak istemediklerini belirtti.<\/p>\n<p>ABD\u2019deki derin rejime i\u015faret eden el Esad; bu rejimin idare ve y\u00f6netimde ba\u015fkan\u0131 ortak etmeyip sadece belli s\u0131n\u0131rlar i\u00e7inde hareket etmesine izin verdi\u011fini ifade etti.<\/p>\n<p>Bat\u0131l\u0131 devletlerin Suriye ve halk\u0131n\u0131 hedef alan planlar\u0131n\u0131n \u00e7\u00f6kertildi\u011finden s\u00f6z etmenin zafer kazand\u0131\u011f\u0131m\u0131z anlam\u0131na gelmedi\u011fine dikkat \u00e7eken el Esad; zafer belirtileri olmas\u0131na ra\u011fmen zaferin fakl\u0131 bir \u015fey oldu\u011funu, \u00e7at\u0131\u015fman\u0131n da hala devam etti\u011fini vurgulad\u0131.<\/p>\n<p>Tutum ya da y\u00f6n de\u011fi\u015ftirmenin politika de\u011fi\u015ftirme anlam\u0131na gelmedi\u011fine dikkat \u00e7eken el Esad; Bat\u0131l\u0131 devletlerin de t\u0131pk\u0131 y\u0131lan gibi her daim duruma g\u00f6re derisini de\u011fi\u015ftirdi\u011fini kaydetti.<\/p>\n<p>Cumhurba\u015fkan\u0131 el Esad; Suriye ve halk\u0131n\u0131n bu sava\u015fta ku\u015fkusuz pahal\u0131 bir bedel \u00f6dediklerine dikkat \u00e7ekerken, her \u015feye ra\u011fmen Suriye ve halk\u0131na kar\u015f\u0131 dayat\u0131lan bu sava\u015fta m\u00fccadele etme ve vatan\u0131 savunma bedelinin hi\u00e7 ku\u015fkusuz teslim olma bedelinden \u00e7ok daha az oldu\u011funun alt\u0131n\u0131 \u00e7izdi. El Esad Suriye&#8217;nin b\u00fcy\u00fck fedakarl\u0131klarla verdi\u011fi bu m\u00fccadelede, kendisine ve halk\u0131na kar\u015f\u0131 dayat\u0131lan sava\u015fta Bat\u0131l\u0131lar\u0131n planlar\u0131n\u0131 \u00e7\u00f6kertmeyi ba\u015fard\u0131\u011f\u0131n\u0131 ifade etti.<\/p>\n<p>Suriye ve halk\u0131na y\u00f6nelik bu sava\u015fta y\u00fcr\u00fct\u00fclen medya hamleleri, psikolojik sava\u015f ve ger\u00e7ekleri \u00e7arp\u0131tma \u00e7abalar\u0131n\u0131n Suriye&#8217;nin ter\u00f6rle m\u00fccadelesini hi\u00e7bir \u015fekilde etkilemedi\u011fini belirten el Esad; devleti ya da Suriye halk\u0131n\u0131 da korkutamad\u0131\u011f\u0131n\u0131 s\u00f6yledi.<\/p>\n<p>Cumhurba\u015fkan\u0131 el Esad; Suriye&#8217;nin ilk g\u00fcnden beri ter\u00f6re kar\u015f\u0131 m\u00fccadele etti\u011fini ve bu y\u00f6nde kararl\u0131l\u0131\u011f\u0131n\u0131 s\u00fcrd\u00fcrece\u011finin alt\u0131n\u0131 \u00e7izerken vatan topraklar\u0131n\u0131n istisnas\u0131z her kar\u0131\u015f\u0131n\u0131n ter\u00f6rden kurtar\u0131laca\u011f\u0131n\u0131 vurgulad\u0131. Ter\u00f6rle m\u00fccadelenin herhangi bir ad\u0131m ya da \u00e7al\u0131\u015fman\u0131n temel hedefi oldu\u011funa dikkat \u00e7eken el Esad; ter\u00f6r\u00fc yok etmeden ad\u0131mlarda ba\u015far\u0131l\u0131 olman\u0131n m\u00fcmk\u00fcn olmad\u0131\u011f\u0131n\u0131 kaydetti.<\/p>\n<p><a href=\"http:\/\/www.sana.sy\/tr\/wp-content\/uploads\/2017\/08\/photo_2017-08-20_14-21-38.jpg\"><img loading=\"lazy\" decoding=\"async\" class=\"alignright wp-image-122576 size-medium\" src=\"http:\/\/www.sana.sy\/tr\/wp-content\/uploads\/2017\/08\/photo_2017-08-20_14-21-38-300x148.jpg\" alt=\"\" width=\"300\" height=\"148\" srcset=\"https:\/\/archive.sana.sy\/tr\/wp-content\/uploads\/2017\/08\/photo_2017-08-20_14-21-38-300x148.jpg 300w, https:\/\/archive.sana.sy\/tr\/wp-content\/uploads\/2017\/08\/photo_2017-08-20_14-21-38-150x74.jpg 150w, https:\/\/archive.sana.sy\/tr\/wp-content\/uploads\/2017\/08\/photo_2017-08-20_14-21-38-768x379.jpg 768w, https:\/\/archive.sana.sy\/tr\/wp-content\/uploads\/2017\/08\/photo_2017-08-20_14-21-38-1024x505.jpg 1024w, https:\/\/archive.sana.sy\/tr\/wp-content\/uploads\/2017\/08\/photo_2017-08-20_14-21-38.jpg 1280w\" sizes=\"auto, (max-width: 300px) 100vw, 300px\" \/><\/a>Cumhurba\u015fkan\u0131 el Esad; belli ba\u015fl\u0131 devletler ve taraflarca \u00f6ne s\u00fcr\u00fclen bir k\u0131s\u0131m giri\u015fim ve \u00f6nerilerin k\u00f6t\u00fc niyetli oldu\u011funun bilinmesine ra\u011fmen Suriye&#8217;nin ba\u015ftan beri krizin \u00e7\u00f6z\u00fcm\u00fc konusunda \u00f6ne s\u00fcr\u00fclen t\u00fcm ad\u0131m ve giri\u015fimlere tam bir esneklik ve olumlulukla yakla\u015ft\u0131\u011f\u0131n\u0131 belirtti.<\/p>\n<p>Suriye\u2019de bu sava\u015f s\u00fcresince \u00f6ne s\u00fcr\u00fclen mezhepsel s\u00f6ylemlerin ge\u00e7ici oldu\u011funa i\u015faret eden el Esad; \u201cSuriye halk\u0131 ger\u00e7ekten \u0131rk\u00e7\u0131 ve mezhep\u00e7i olsayd\u0131 bu denli uzun ve ba\u015far\u0131l\u0131 bir m\u00fccadele veremezdi. Bu durumda Suriye \u00e7oktan ter\u00f6r \u00f6rg\u00fctleri ve efendilerinin pen\u00e7esine d\u00fc\u015fm\u00fc\u015f olurdu. Bat\u0131l\u0131 medyada iddia edildi\u011fi ve insanlar\u0131 kand\u0131rmaya \u00e7al\u0131\u015ft\u0131klar\u0131 gibi Suriye&#8217;de ger\u00e7ekten halk sava\u015f\u0131 olsayd\u0131, durum bundan \u00e7ok daha farkl\u0131 ve vahim olurdu..\u201d dedi.<\/p>\n<p>T\u00fcrkiye rejimi konusunda ise el Esad; Recep Tayip Erdo\u011fan\u2019\u0131n ter\u00f6re deste\u011finin de\u015fifre edilmesi ard\u0131ndan siyasi dilenci rol\u00fcn\u00fc oynad\u0131\u011f\u0131n\u0131 belirtti. El Esad Suriye&#8217;nin T\u00fcrkiye rejimini ne \u00e7\u00f6z\u00fcmde ortak ne de garant\u00f6r g\u00f6rmedi\u011fini, ona hi\u00e7bir \u015fekilde g\u00fcvenmedi\u011finin alt\u0131n\u0131 \u00e7izdi.<\/p>\n<p>Ter\u00f6re kar\u015f\u0131 sava\u015f devam ettik\u00e7e Suriye&#8217;nin par\u00e7alanmas\u0131 ya da herhangi bir emri vaki durum d\u00fc\u015f\u00fcncesinin kesinlikle ve hi\u00e7bir \u015fekilde kabul edilemez oldu\u011funun alt\u0131n\u0131 \u00e7izen el Esad; Suriye&#8217;nin toprak b\u00fct\u00fcnl\u00fc\u011f\u00fcn\u00fcn hi\u00e7bir \u015fekilde tart\u0131\u015fma konusu olmas\u0131n\u0131n m\u00fcmk\u00fcn olmad\u0131\u011f\u0131n\u0131 vurgulad\u0131.<\/p>\n<p>Cumhurba\u015fkan\u0131 el Esad; gerilimi azaltma b\u00f6lgelerinden amac\u0131n kanlar\u0131n ak\u0131t\u0131lmas\u0131na son verme, insani yard\u0131mlar\u0131n ula\u015ft\u0131r\u0131lmas\u0131, silahl\u0131lar\u0131n \u00e7\u0131kmalar\u0131na ya da teslim olmalar\u0131na olanak vermek oldu\u011funu, b\u00f6l\u00fcnme ya da benzeri hi\u00e7bir ama\u00e7 ta\u015f\u0131mad\u0131\u011f\u0131n\u0131n alt\u0131n\u0131 \u00e7izdi.<\/p>\n<p>Ordu birliklerimizin muhtelif b\u00f6lgelerde ter\u00f6re kar\u015f\u0131 sa\u011flad\u0131klar\u0131 ba\u015far\u0131lara i\u015faret eden el Esad; ter\u00f6ristleri yok edip topra\u011f\u0131 ve vatanda\u015flar\u0131 ter\u00f6rden kurtarmaya ba\u015far\u0131yla devam ettiklerine dikakt \u00e7ekti. El Esad Suriye ordusunun dost ve m\u00fcttefiklerle ter\u00f6re kar\u015f\u0131 sa\u011flad\u0131\u011f\u0131 ba\u015far\u0131lar\u0131n t\u00fcm d\u00fcnya sava\u015flar\u0131n\u0131n tarihinde bir \u00f6rnek te\u015fkil etti\u011fini ifade etti.<\/p>\n<p>Cumhurba\u015fkan\u0131 el Esad \u00f6n\u00fcm\u00fczdeki s\u00fcre\u00e7 i\u00e7inde m\u00fcttefiklerle i\u015fbirli\u011fi i\u00e7inde ter\u00f6re kar\u015f\u0131 sava\u015f\u0131n azimle devam edece\u011fini, buna e\u015f zamanl\u0131 olarak ba\u015far\u0131s\u0131n\u0131 kan\u0131tlayan ulusal uzla\u015fma \u00e7abalar\u0131n\u0131n da devam edece\u011fini belirtti. El Esad t\u00fcm bunlara e\u015f zamanl\u0131 olarak d\u0131\u015far\u0131 ile temaslar\u0131n s\u00fcrd\u00fcr\u00fclece\u011fini, ekonomi ve ticari f\u0131rsatlar\u0131n da peki\u015ftirilece\u011fini ifade etti.<\/p>\n<p>Suriye ekonomisinin iyile\u015fmeye ba\u015flad\u0131\u011f\u0131na dikkat \u00e7eken el Esad; bu s\u00fcre\u00e7teki ilerlemenin yava\u015f olmas\u0131na ra\u011fmen sa\u011flam ve metin oldu\u011funu kaydetti.<\/p>\n<p>Suriye&#8217;nin d\u00fc\u015f\u00fcn\u00fcld\u00fc\u011f\u00fc gibi d\u0131\u015far\u0131dan kopmu\u015f olmad\u0131\u011f\u0131na dikkat \u00e7eken el Esad; fakat bir k\u0131s\u0131m taraflar\u0131n b\u00f6yle d\u00fc\u015f\u00fcnerek kendilerini tatmin ettiklerini s\u00f6yledi.<\/p>\n<p><a href=\"http:\/\/www.sana.sy\/tr\/wp-content\/uploads\/2017\/08\/\u0627\u0644\u0633\u064a\u062f-\u0627\u0644\u0631\u0626\u064a\u0633.jpg\"><img loading=\"lazy\" decoding=\"async\" class=\"alignright wp-image-122579 size-medium\" src=\"http:\/\/www.sana.sy\/tr\/wp-content\/uploads\/2017\/08\/\u0627\u0644\u0633\u064a\u062f-\u0627\u0644\u0631\u0626\u064a\u0633-300x193.jpg\" alt=\"\" width=\"300\" height=\"193\" srcset=\"https:\/\/archive.sana.sy\/tr\/wp-content\/uploads\/2017\/08\/\u0627\u0644\u0633\u064a\u062f-\u0627\u0644\u0631\u0626\u064a\u0633-300x193.jpg 300w, https:\/\/archive.sana.sy\/tr\/wp-content\/uploads\/2017\/08\/\u0627\u0644\u0633\u064a\u062f-\u0627\u0644\u0631\u0626\u064a\u0633-150x96.jpg 150w, https:\/\/archive.sana.sy\/tr\/wp-content\/uploads\/2017\/08\/\u0627\u0644\u0633\u064a\u062f-\u0627\u0644\u0631\u0626\u064a\u0633-768x493.jpg 768w, https:\/\/archive.sana.sy\/tr\/wp-content\/uploads\/2017\/08\/\u0627\u0644\u0633\u064a\u062f-\u0627\u0644\u0631\u0626\u064a\u0633-1024x658.jpg 1024w, https:\/\/archive.sana.sy\/tr\/wp-content\/uploads\/2017\/08\/\u0627\u0644\u0633\u064a\u062f-\u0627\u0644\u0631\u0626\u064a\u0633.jpg 1280w\" sizes=\"auto, (max-width: 300px) 100vw, 300px\" \/><\/a>Cumhurba\u015fkan\u0131 el Esad; Suriye&#8217;de \u00e7\u00f6z\u00fcm i\u00e7in u\u011fra\u015ft\u0131klar\u0131n\u0131 iddia eden bir k\u0131s\u0131m devletlerin ter\u00f6r \u00f6rg\u00fctleri ile tam ve ku\u015fkuya yer b\u0131rakmayacak \u015fekilde her t\u00fcrl\u00fc ili\u015fkilerini kesmeleri \u00f6ncesinde Suriye&#8217;de b\u00fcy\u00fckel\u00e7iliklerini yeniden a\u00e7ma olana\u011f\u0131n\u0131n m\u00fcmk\u00fcn olmayaca\u011f\u0131n\u0131 vurgulad\u0131. El Esad s\u00f6z konusu devletlerle bu ko\u015ful haricinde herhangi bir siyasi, askeri, g\u00fcvenlik ya da hi\u00e7bir i\u015fbirli\u011finin de olmayaca\u011f\u0131n\u0131n alt\u0131n\u0131 \u00e7izdi.<\/p>\n<p>Cumhurba\u015fkan\u0131 el Esad Suriye ve halk\u0131na d\u00fc\u015fman taraflar ya da edatlar\u0131n\u0131n sava\u015f ve ter\u00f6rle elde edemediklerini siyasi yollarla elde etmelerine kesinlikle izin verilmeyece\u011finin alt\u0131n\u0131 \u00e7izdi.<\/p>\n<p>El Esad Suriye ve gelece\u011fini sa\u011flam bir \u015fekilde yap\u0131land\u0131rma y\u00f6n\u00fcnde \u00e7abalar\u0131n yo\u011funla\u015ft\u0131r\u0131lmas\u0131 ve peki\u015ftirilmesi gere\u011fine vurgu yapt\u0131.<\/p>\n<p>\u00d6zellikle bu s\u00fcre\u00e7 i\u00e7inde Suriye ve gelece\u011finin mutlak bir \u015fekilde ve y\u00fczde y\u00fcz olarak Suriye ve Suriyelileri ilgilendirdi\u011finin alt\u0131n\u0131 \u00e7izen el Esad; Suriye&#8217;nin toprak b\u00fct\u00fcnl\u00fc\u011f\u00fcn\u00fcn hi\u00e7bir \u015fekilde tart\u0131\u015fma konusu olamayaca\u011f\u0131na da bir kez daha vurgu yapt\u0131.<\/p>\n<p>https:\/\/www.youtube.com\/watch?time_continue=2918&#038;v=Qw_E-dNXnsA<\/p>\n","protected":false},"excerpt":{"rendered":"<p>\u015eAM \u2013 Cumhurba\u015fkan\u0131 Be\u015f\u015far el Esad; Suriye&#8217;nin tarih boyunca \u00f6nemli bir hedef oldu\u011funu belirtirken, bu hedefi kontrol edenin de Ortado\u011fu\u2019da kararlar\u0131 kontrol etti\u011fini ve b\u00f6ylece d\u00fcnya genelinde \u00f6nemli ve etkin bir s\u00f6z sahibi oldu\u011funun alt\u0131n\u0131 \u00e7izdi. D\u0131\u015fi\u015fleri ve Gurbet\u00e7iler Bakanl\u0131\u011f\u0131 Konferans\u0131n\u0131n a\u00e7\u0131l\u0131\u015f\u0131nda konu\u015fan el Esad; bu konferans\u0131n bilgi, d\u00fc\u015f\u00fcnce ve deneyim al\u0131\u015f veri\u015fi a\u00e7\u0131s\u0131ndan b\u00fcy\u00fck &hellip;<\/p>\n","protected":false},"author":1,"featured_media":122580,"comment_status":"closed","ping_status":"closed","sticky":false,"template":"","format":"standard","meta":{"footnotes":""},"categories":[608,479,605,17988,478],"tags":[30523,8767,9233,20113,16591,24083,13043,18574,24119,22181],"class_list":["post-122563","post","type-post","status-publish","format-standard","has-post-thumbnail","","category-etkinlikler","category-haberler-yerel","category-sayin-cumhurbaskani","category-son-haberler","category-yerel","tag-bessar","tag-cumhurbaskani","tag-el-esad","tag-esad","tag-suriye","tag-suriye-baskani","tag-suriye-halki","tag-suriye-krizi","tag-suriye-lideri","tag-suriyeliler"],"_links":{"self":[{"href":"https:\/\/archive.sana.sy\/tr\/index.php?rest_route=\/wp\/v2\/posts\/122563","targetHints":{"allow":["GET"]}}],"collection":[{"href":"https:\/\/archive.sana.sy\/tr\/index.php?rest_route=\/wp\/v2\/posts"}],"about":[{"href":"https:\/\/archive.sana.sy\/tr\/index.php?rest_route=\/wp\/v2\/types\/post"}],"author":[{"embeddable":true,"href":"https:\/\/archive.sana.sy\/tr\/index.php?rest_route=\/wp\/v2\/users\/1"}],"replies":[{"embeddable":true,"href":"https:\/\/archive.sana.sy\/tr\/index.php?rest_route=%2Fwp%2Fv2%2Fcomments&post=122563"}],"version-history":[{"count":0,"href":"https:\/\/archive.sana.sy\/tr\/index.php?rest_route=\/wp\/v2\/posts\/122563\/revisions"}],"wp:featuredmedia":[{"embeddable":true,"href":"https:\/\/archive.sana.sy\/tr\/index.php?rest_route=\/wp\/v2\/media\/122580"}],"wp:attachment":[{"href":"https:\/\/archive.sana.sy\/tr\/index.php?rest_route=%2Fwp%2Fv2%2Fmedia&parent=122563"}],"wp:term":[{"taxonomy":"category","embeddable":true,"href":"https:\/\/archive.sana.sy\/tr\/index.php?rest_route=%2Fwp%2Fv2%2Fcategories&post=122563"},{"taxonomy":"post_tag","embeddable":true,"href":"https:\/\/archive.sana.sy\/tr\/index.php?rest_route=%2Fwp%2Fv2%2Ftags&post=122563"}],"curies":[{"name":"wp","href":"https:\/\/api.w.org\/{rel}","templated":true}]}}