{"id":122570,"date":"2017-08-20T14:56:33","date_gmt":"2017-08-20T11:56:33","guid":{"rendered":"http:\/\/www.sana.sy\/tr\/?p=122570"},"modified":"2017-08-21T14:59:41","modified_gmt":"2017-08-21T11:59:41","slug":"onlarca-terorist-oldurulurken-bircok-bolge-de-terorden-kurtarildi","status":"publish","type":"post","link":"https:\/\/archive.sana.sy\/tr\/?p=122570","title":{"rendered":"Onlarca Ter\u00f6rist \u00d6ld\u00fcr\u00fcl\u00fcrken Bir\u00e7ok B\u00f6lge de Ter\u00f6rden Kurtar\u0131ld\u0131"},"content":{"rendered":"<p>\u0130LLER \u2013 Radikal ter\u00f6re kar\u015f\u0131 operasyonlar\u0131n\u0131 ba\u015far\u0131yla s\u00fcrd\u00fcren ordu birliklerimiz bug\u00fcn onlarca ter\u00f6risti ekipmanlar\u0131yla birlikte etkisiz hale getirmeleri ard\u0131ndan bir\u00e7ok b\u00f6lgeyi kontrollerine ge\u00e7irdi.<\/p>\n<p><span style=\"color: #0000ff\">HAMA:<\/span><\/p>\n<p>Askeri bir kaynak ordu birliklerimizin Hama \u0130linin do\u011fusunda I\u015e\u0130D\u2019e kar\u015f\u0131 bir\u00e7ok eksende operasyonlar\u0131n\u0131 yo\u011funla\u015ft\u0131rd\u0131klar\u0131n\u0131 belirtti. Operasyonlarda aralar\u0131nda eleba\u015flar\u0131n bulundu\u011fu \u00e7ok say\u0131da ter\u00f6ristin \u00f6ld\u00fcr\u00fcld\u00fc\u011f\u00fcne ve a\u011f\u0131r silahla donat\u0131lm\u0131\u015f bir arac\u0131n imha edildi\u011fine dikkat \u00e7eken kaynak; Kuzey Dkeyla, G\u00fcney Dkeyla ve Um Harteyn beldelerinin yan\u0131 s\u0131ra Um Harteyn Beldesinin g\u00fcneyinde stratejik \u00f6neme sahip bir dizi tepenin de ter\u00f6rden kurtar\u0131ld\u0131klar\u0131n\u0131 aktard\u0131.<\/p>\n<p><span style=\"color: #0000ff\">HOMS:<\/span><\/p>\n<p>Ordu birliklerimizin Homs \u0130linin do\u011fusunda I\u015e\u0130D\u2019e kar\u015f\u0131 operasyonlar\u0131 kapsam\u0131nda Suhne Kentinin do\u011fusuna ek olarak G\u00fcney M\u015feyrfa ve Ebu Katur Beldelerinde I\u015e\u0130D\u2019in mevki ve ara\u00e7lar\u0131na odaklan\u0131ld\u0131\u011f\u0131n\u0131 kaydeden askeri bir kaynak; z\u0131rhl\u0131 ve muhtelif t\u00fcr ara\u00e7lar\u0131n imha edildi\u011fini aktard\u0131. Kaynak ayn\u0131 zamanda aralar\u0131nda bariz isimlerin bulundu\u011fu 20 ter\u00f6ristin de \u00f6ld\u00fcr\u00fcld\u00fc\u011f\u00fcn\u00fc belirtti.<\/p>\n<p><span style=\"color: #0000ff\">S\u00dcVEYDA:<\/span><\/p>\n<p>Bu arada askeri bir kaynak ordu birliklerimizin S\u00fcveyda k\u0131rsal\u0131n\u0131n do\u011fusunda \u00dcrd\u00fcn ile s\u0131n\u0131r \u015feridinde I\u015e\u0130D\u2019in askeri noktalara sald\u0131r\u0131lar\u0131n\u0131 ba\u015far\u0131yla \u00e7\u00f6kerttiklerini belirtti.<\/p>\n<p>Kaynak son saatlerde ya\u015fanan \u015fiddetli \u00e7at\u0131\u015fmalarda radikal ter\u00f6r \u00f6rg\u00fct\u00fc I\u015e\u0130D \u00e7etelerinin say\u0131, ara\u00e7 ve cephaneleriyle b\u00fcy\u00fck kay\u0131plara u\u011frat\u0131lmalar\u0131 ard\u0131ndan sald\u0131r\u0131lar\u0131n \u00e7\u00f6kertildi\u011fini ifade etti.<\/p>\n<p><span style=\"color: #0000ff\">DEYREZZOR:<\/span><\/p>\n<p>Ordu birliklerimizin Deyrezzor\u2019da Makabir, Allu\u015f Tepesi ve Huveyka b\u00f6lgelerinde radikal ter\u00f6r \u00f6rg\u00fct\u00fc I\u015e\u0130D\u2019in mevkilerini yo\u011fun ate\u015fe tuttuklar\u0131n\u0131 ifade eden askeri bir kaynak, operasyonlarda aralar\u0131nda tehlikeli isimlerin bulundu\u011fu en az 20 ter\u00f6ristin \u00f6l\u00fc, bir\u00e7ok ter\u00f6ristin de yaral\u0131 d\u00fc\u015f\u00fcr\u00fcld\u00fc\u011f\u00fcn\u00fc aktard\u0131.<\/p>\n<p>Kaynak Makabir, Serda, Panorama ve 137. Alay yak\u0131nlar\u0131nda da I\u015e\u0130D\u2019in karargah, siper, ara\u00e7 ve cephane depolar\u0131n\u0131n top ate\u015fine tutularak radikal \u00f6rg\u00fct\u00fcn b\u00fcy\u00fck kay\u0131plara u\u011frat\u0131ld\u0131\u011f\u0131n\u0131 kaydetti.<\/p>\n","protected":false},"excerpt":{"rendered":"<p>\u0130LLER \u2013 Radikal ter\u00f6re kar\u015f\u0131 operasyonlar\u0131n\u0131 ba\u015far\u0131yla s\u00fcrd\u00fcren ordu birliklerimiz bug\u00fcn onlarca ter\u00f6risti ekipmanlar\u0131yla birlikte etkisiz hale getirmeleri ard\u0131ndan bir\u00e7ok b\u00f6lgeyi kontrollerine ge\u00e7irdi. HAMA: Askeri bir kaynak ordu birliklerimizin Hama \u0130linin do\u011fusunda I\u015e\u0130D\u2019e kar\u015f\u0131 bir\u00e7ok eksende operasyonlar\u0131n\u0131 yo\u011funla\u015ft\u0131rd\u0131klar\u0131n\u0131 belirtti. Operasyonlarda aralar\u0131nda eleba\u015flar\u0131n bulundu\u011fu \u00e7ok say\u0131da ter\u00f6ristin \u00f6ld\u00fcr\u00fcld\u00fc\u011f\u00fcne ve a\u011f\u0131r silahla donat\u0131lm\u0131\u015f bir arac\u0131n imha edildi\u011fine &hellip;<\/p>\n","protected":false},"author":1,"featured_media":122571,"comment_status":"closed","ping_status":"closed","sticky":false,"template":"","format":"standard","meta":{"footnotes":""},"categories":[479,575,17988,478],"tags":[32062,2196,32061,2494,32060,31498,2318,30417,1247,31821,30942,30329],"class_list":["post-122570","post","type-post","status-publish","format-standard","has-post-thumbnail","","category-haberler-yerel","category-olaylar-ve-gercekler","category-son-haberler","category-yerel","tag-20-teroristin","tag-askeri-bir-kaynak","tag-bariz-isimlerin","tag-deyrezzor","tag-hama-ilinin-dogusunda","tag-homs-ilinin-dogusunda","tag-isid","tag-olu","tag-ordu-birliklerimizin","tag-suveyda-kirsalinin-dogusunda","tag-teroristin","tag-yarali"],"_links":{"self":[{"href":"https:\/\/archive.sana.sy\/tr\/index.php?rest_route=\/wp\/v2\/posts\/122570","targetHints":{"allow":["GET"]}}],"collection":[{"href":"https:\/\/archive.sana.sy\/tr\/index.php?rest_route=\/wp\/v2\/posts"}],"about":[{"href":"https:\/\/archive.sana.sy\/tr\/index.php?rest_route=\/wp\/v2\/types\/post"}],"author":[{"embeddable":true,"href":"https:\/\/archive.sana.sy\/tr\/index.php?rest_route=\/wp\/v2\/users\/1"}],"replies":[{"embeddable":true,"href":"https:\/\/archive.sana.sy\/tr\/index.php?rest_route=%2Fwp%2Fv2%2Fcomments&post=122570"}],"version-history":[{"count":0,"href":"https:\/\/archive.sana.sy\/tr\/index.php?rest_route=\/wp\/v2\/posts\/122570\/revisions"}],"wp:featuredmedia":[{"embeddable":true,"href":"https:\/\/archive.sana.sy\/tr\/index.php?rest_route=\/wp\/v2\/media\/122571"}],"wp:attachment":[{"href":"https:\/\/archive.sana.sy\/tr\/index.php?rest_route=%2Fwp%2Fv2%2Fmedia&parent=122570"}],"wp:term":[{"taxonomy":"category","embeddable":true,"href":"https:\/\/archive.sana.sy\/tr\/index.php?rest_route=%2Fwp%2Fv2%2Fcategories&post=122570"},{"taxonomy":"post_tag","embeddable":true,"href":"https:\/\/archive.sana.sy\/tr\/index.php?rest_route=%2Fwp%2Fv2%2Ftags&post=122570"}],"curies":[{"name":"wp","href":"https:\/\/api.w.org\/{rel}","templated":true}]}}