{"id":122574,"date":"2017-08-20T15:19:42","date_gmt":"2017-08-20T12:19:42","guid":{"rendered":"http:\/\/www.sana.sy\/tr\/?p=122574"},"modified":"2017-08-21T15:00:41","modified_gmt":"2017-08-21T12:00:41","slug":"kacanlarin-arasinda-elebaslari-da-var","status":"publish","type":"post","link":"https:\/\/archive.sana.sy\/tr\/?p=122574","title":{"rendered":"Ka\u00e7anlar\u0131n Aras\u0131nda Eleba\u015flar\u0131 da Var"},"content":{"rendered":"<p>DEYREZZOR \u2013 Deyrezzor\u2019da yerel kaynaklar; ordu birliklerimizin radikal ter\u00f6r \u00f6rg\u00fct\u00fc I\u015e\u0130D\u2019e kar\u015f\u0131 ba\u015far\u0131lar\u0131 g\u00f6lgesinde \u00f6rg\u00fct saflar\u0131nda ya\u015fanan panik ve firarlar\u0131n devam etti\u011fini belirtirken, son olarak \u00f6rg\u00fctten ka\u00e7an ter\u00f6ristlerin aras\u0131nda az\u0131l\u0131 eleba\u015flar\u0131n bulundu\u011funa dikkat \u00e7ekti.<\/p>\n<p>Yerel kaynaklar; \u00e7ok say\u0131da ter\u00f6ristin \u00f6rg\u00fct saflar\u0131ndan ka\u00e7t\u0131\u011f\u0131n\u0131 ifade ederken, bu ter\u00f6ristlerin aras\u0131nda I\u015e\u0130D\u2019in \u2018E\u015fbal el Hilafet Sorumlusu\u2019 olarak bilinen \u2018Ebu Ubade el \u015eami\u2019 lakapl\u0131 ter\u00f6r eleba\u015f\u0131 ve ailesinin bulundu\u011funu kaydetti.<\/p>\n<p>Radikal ter\u00f6r \u00f6rg\u00fct\u00fcn Deyrezzor k\u0131rsal\u0131n\u0131n muhtelif b\u00f6lgelerinde sivil vatanda\u015flara kar\u015f\u0131 eylemleri kapsam\u0131nda 9 masum vatanda\u015f\u0131 \u00f6ld\u00fcrd\u00fc\u011f\u00fcn\u00fc ifade eden kaynaklar; verdi\u011fi a\u011f\u0131r kay\u0131plar\u0131 telafi etmek amac\u0131yla da gen\u00e7lere y\u00f6nelik geni\u015f \u00e7apl\u0131 hamle ba\u015flatt\u0131\u011f\u0131n\u0131 s\u00f6yledi. Kaynaklar I\u015e\u0130D\u2019in gen\u00e7leri silah zoruyla al\u0131koyup onlar\u0131 \u00e7at\u0131\u015fmalara s\u00fcr\u00fckledi\u011fini belirtti.<\/p>\n","protected":false},"excerpt":{"rendered":"<p>DEYREZZOR \u2013 Deyrezzor\u2019da yerel kaynaklar; ordu birliklerimizin radikal ter\u00f6r \u00f6rg\u00fct\u00fc I\u015e\u0130D\u2019e kar\u015f\u0131 ba\u015far\u0131lar\u0131 g\u00f6lgesinde \u00f6rg\u00fct saflar\u0131nda ya\u015fanan panik ve firarlar\u0131n devam etti\u011fini belirtirken, son olarak \u00f6rg\u00fctten ka\u00e7an ter\u00f6ristlerin aras\u0131nda az\u0131l\u0131 eleba\u015flar\u0131n bulundu\u011funa dikkat \u00e7ekti. Yerel kaynaklar; \u00e7ok say\u0131da ter\u00f6ristin \u00f6rg\u00fct saflar\u0131ndan ka\u00e7t\u0131\u011f\u0131n\u0131 ifade ederken, bu ter\u00f6ristlerin aras\u0131nda I\u015e\u0130D\u2019in \u2018E\u015fbal el Hilafet Sorumlusu\u2019 olarak bilinen \u2018Ebu &hellip;<\/p>\n","protected":false},"author":1,"featured_media":122582,"comment_status":"closed","ping_status":"closed","sticky":false,"template":"","format":"standard","meta":{"footnotes":""},"categories":[479,575,17988,478],"tags":[32063,2494,31480,32064,2318,1247,30925,22882,18939],"class_list":["post-122574","post","type-post","status-publish","format-standard","has-post-thumbnail","","category-haberler-yerel","category-olaylar-ve-gercekler","category-son-haberler","category-yerel","tag-cok-sayida-teroristin","tag-deyrezzor","tag-deyrezzor-kirsalinin-muhtelif-bolgelerinde","tag-ebu-ubade-el-sami","tag-isid","tag-ordu-birliklerimizin","tag-radikal-teror-orgutu","tag-sivil-vatandaslar","tag-teror-elebasi"],"_links":{"self":[{"href":"https:\/\/archive.sana.sy\/tr\/index.php?rest_route=\/wp\/v2\/posts\/122574","targetHints":{"allow":["GET"]}}],"collection":[{"href":"https:\/\/archive.sana.sy\/tr\/index.php?rest_route=\/wp\/v2\/posts"}],"about":[{"href":"https:\/\/archive.sana.sy\/tr\/index.php?rest_route=\/wp\/v2\/types\/post"}],"author":[{"embeddable":true,"href":"https:\/\/archive.sana.sy\/tr\/index.php?rest_route=\/wp\/v2\/users\/1"}],"replies":[{"embeddable":true,"href":"https:\/\/archive.sana.sy\/tr\/index.php?rest_route=%2Fwp%2Fv2%2Fcomments&post=122574"}],"version-history":[{"count":0,"href":"https:\/\/archive.sana.sy\/tr\/index.php?rest_route=\/wp\/v2\/posts\/122574\/revisions"}],"wp:featuredmedia":[{"embeddable":true,"href":"https:\/\/archive.sana.sy\/tr\/index.php?rest_route=\/wp\/v2\/media\/122582"}],"wp:attachment":[{"href":"https:\/\/archive.sana.sy\/tr\/index.php?rest_route=%2Fwp%2Fv2%2Fmedia&parent=122574"}],"wp:term":[{"taxonomy":"category","embeddable":true,"href":"https:\/\/archive.sana.sy\/tr\/index.php?rest_route=%2Fwp%2Fv2%2Fcategories&post=122574"},{"taxonomy":"post_tag","embeddable":true,"href":"https:\/\/archive.sana.sy\/tr\/index.php?rest_route=%2Fwp%2Fv2%2Ftags&post=122574"}],"curies":[{"name":"wp","href":"https:\/\/api.w.org\/{rel}","templated":true}]}}