{"id":12258,"date":"2014-10-03T22:06:14","date_gmt":"2014-10-03T19:06:14","guid":{"rendered":"http:\/\/www.sana.sy\/tr\/?p=12258"},"modified":"2014-10-04T14:49:27","modified_gmt":"2014-10-04T11:49:27","slug":"12258","status":"publish","type":"post","link":"https:\/\/archive.sana.sy\/tr\/?p=12258","title":{"rendered":"Kahramanlar\u0131m\u0131z Ter\u00f6re Kar\u015f\u0131 Amans\u0131z M\u00fccadelesini S\u00fcrd\u00fcr\u00fcyor"},"content":{"rendered":"<p>\u0130LLER \u2013 M\u00fcbarek Kurban bayram\u0131 m\u00fcnasebetiyle b\u00fct\u00fcn M\u00fcsl\u00fcmanlar\u0131n y\u00fcreklerinde k\u00f6k salm\u0131\u015f ho\u015fg\u00f6r\u00fc, sevgi, bar\u0131\u015f, karde\u015flik ve c\u00f6mertlik duygular\u0131, akraba-kom\u015fu ziyaretlerine ve \u00e7ocuklar\u0131n masum tebess\u00fcmlerine yans\u0131rken kahraman ordu birliklerimiz insanl\u0131\u011f\u0131n temelini te\u015fkil eden bu duygular\u0131 ve \u00e7ocuklar\u0131n masum tebess\u00fcmlerini hedef alan ter\u00f6re kar\u015f\u0131 amans\u0131z m\u00fccadelesini s\u00fcrd\u00fcr\u00fcyor.<\/p>\n<p><span style=\"color: #0000ff\">\u015eam K\u0131rsal\u0131nda Ter\u00f6ristler Eleba\u015flar\u0131yla Birlikte \u00d6ld\u00fcr\u00fcld\u00fc<\/span><\/p>\n<p>\u015eam K\u0131rsal\u0131n\u0131n Harasta ve Kalemun b\u00f6lgelerinde d\u00fczenlenen operasyonlarda bir\u00e7ok ter\u00f6r yuvas\u0131n\u0131n yok edildi\u011fine de\u011finen kaynak; operasyonlar kapsam\u0131nda meydana gelen \u00e7at\u0131\u015fmalar sonucunda \u00e7ok say\u0131da ter\u00f6ristin eleba\u015flar\u0131yla birlikte \u00f6l\u00fc ve yaral\u0131 d\u00fc\u015f\u00fcr\u00fcld\u00fc\u011f\u00fcn\u00fc belirtti.<\/p>\n<p>Arbin, Zamelka, Mesraba,Covbar, Ayn Terma, Kas\u0131miye, Caraba, Zemaniye ve Do\u011fu \u011euta b\u00f6lge ve beldelerinde d\u00fczenlenen oprasyonlarda bir\u00e7ok ter\u00f6r yuvas\u0131n\u0131n yok edildi\u011fini dile getiren kaynak; buralarda meydana gelen \u00e7at\u0131malarda da \u00e7ok say\u0131da ter\u00f6ristin \u00f6l\u00fc ve yaral\u0131 olarak ele ge\u00e7irildi\u011fini beyan etti.<\/p>\n<p>Kalemun Beldesinde g\u00fcvenli b\u00f6lgelere s\u0131zmaya \u00e7al\u0131\u015fan ter\u00f6ristlerle kahraman birliklerimiz aras\u0131nda \u015fiddetli \u00e7at\u0131\u015fmalar meydana geldi\u011fini ifade eden kaynak; ayr\u0131ca Zabadani Kentinin el Ara Semtinde d\u00fczenlenen bir operasyonda ter\u00f6ristlere ait 23 kalibre ayar\u0131nda bir u\u00e7aksavar\u0131n yok edildi\u011fini belirtti.<\/p>\n<p>Han el \u015eiyh tar\u0131m arazilerinde d\u00fczenlenen operasyonlar kapsam\u0131nda ter\u00f6ristlere ait bir silah-m\u00fchimmat deposunun imha edildi\u011fini dile getiren kaynak; el Hibariye Beldesi yak\u0131nlar\u0131nda askeri bir tefti\u015f noktas\u0131na sald\u0131rmaya \u00e7al\u0131\u015fan ter\u00f6ristlerle kahraman birliklerimiz aras\u0131nda meydana gelen \u00e7at\u0131\u015fmada ter\u00f6ristlerin t\u00fcm\u00fcn\u00fcn bertaraf edildi\u011fini ekledi.<\/p>\n<p>Kaynak ayr\u0131ca \u015eam K\u0131rsal\u0131n\u0131n g\u00fcneybat\u0131 kesiminde yer alan Kenakir Beldesinde bir ter\u00f6ristin patlay\u0131c\u0131 d\u00fczene\u011fi kurmaya \u00e7al\u0131\u015ft\u0131\u011f\u0131 s\u0131rada patlay\u0131c\u0131 d\u00fczene\u011finin elinde patlamas\u0131 sonucu \u00f6ld\u00fc\u011f\u00fcn\u00fc ibraz etti.<\/p>\n<p><span style=\"color: #0000ff\">Halep K\u0131rsal\u0131nda Ter\u00f6re Kar\u015f\u0131 B\u00fcy\u00fck Ba\u015far\u0131lar Sa\u011fland\u0131<\/span><\/p>\n<p>Halep K\u0131rsal\u0131nda kahraman birliklerimizin b\u00fcy\u00fck ba\u015far\u0131lar sa\u011flad\u0131\u011f\u0131na dikkat \u00e7eken kaynak; Henderat, Kefer Hamra, Be\u015fkavi, Seyfat, Tel Ferah, Ahras, Tel Cebin, Melah, Tel Rafet ve Heriytan b\u00f6lgelerinde ter\u00f6ristlere b\u00fcy\u00fck kay\u0131plar verdirildi\u011fini beyan etti.<\/p>\n<p><span style=\"color: #0000ff\">\u0130dlib K\u0131rsal\u0131nda Silah Deposu ve Patlay\u0131c\u0131 At\u00f6lyesi Yok Edildi<\/span><\/p>\n<p>\u0130dlib K\u0131rsal\u0131n\u0131n Tel Keratin k\u00f6y\u00fc yak\u0131nlar\u0131nda ter\u00f6ristlere ait b\u00fcy\u00fck bir silah-m\u00fchimmat deposu ve el yap\u0131m\u0131 patlay\u0131c\u0131 \u00fcretim at\u00f6lyesinin imha edildi\u011finin alt\u0131n\u0131 \u00e7izen kaynak ayr\u0131ca buralarda meydana gelen \u00e7at\u0131\u015fmalarda aralar\u0131nda onlarca ter\u00f6ristin \u00f6l\u00fc ve yaral\u0131 d\u00fc\u015f\u00fcr\u00fcld\u00fc\u011f\u00fcn\u00fc vurgulad\u0131.<\/p>\n<p><span style=\"color: #0000ff\">Hama K\u0131rsal\u0131nda \u00c7ok Say\u0131da Ter\u00f6rist \u00d6ld\u00fcr\u00fcld\u00fc<\/span><\/p>\n<p>Hama K\u0131rsal\u0131n\u0131n Tamne, Mork, Kefer Zeyta ve Hab\u0131yt b\u00f6lgelerinde d\u00fczenlenen operasyonlar kapsam\u0131nda \u00e7ok say\u0131da ter\u00f6ristin \u00f6l\u00fc ve yaral\u0131 d\u00fc\u015f\u00fcr\u00fcld\u00fc\u011f\u00fcn\u00fc ifade eden kaynak havzalar\u0131nda bulunan silah ve m\u00fchimmat\u0131n da imha edildi\u011fini aktard\u0131.<\/p>\n<p>Kaynak ayr\u0131ca Hama K\u0131rsal\u0131nda d\u00fczenlenen operasyonlar kapsam\u0131nda ter\u00f6ristlere ait onlarca arac\u0131n, i\u00e7indeki silah, m\u00fchimmat ve ter\u00f6ristlerle birlikte yok edildi\u011fini dile getirdi.<\/p>\n<p><span style=\"color: #0000ff\">Dera ve K\u0131rsal\u0131nda Ter\u00f6ristlere B\u00fcy\u00fck Be\u015feri ve Lojistik Kay\u0131plar Verdirildi<\/span><\/p>\n<p>Askeri bir kaynak kahraman ordu birliklerimizin Dera Beled\u2019te Becabice Semti ve \u00dcrd\u00fcn Caddesinde d\u00fczenledikleri nitelikli operasyonlar sonucunda bir\u00e7ok ter\u00f6r yuvas\u0131n\u0131 yok ettiklerini dile getirdi.<\/p>\n<p>Syriatel Binas\u0131 ve Sanat Enstit\u00fcs\u00fc y\u00f6n\u00fcnden Men\u015fiye semtine s\u0131zmaya \u00e7al\u0131\u015fan ter\u00f6ristler ile kahraman birliklerimiz aras\u0131nda meydana gelen \u00e7at\u0131\u015fmada ter\u00f6ristlerin bertaraf edildi\u011fine dikkat \u00e7eken kaynak; Dera K\u0131rsal\u0131n\u0131n, Tel Ahmar, Deyr el Ades, G\u00fcney el Sefh, Nemir Beldesi yak\u0131nlar\u0131 ve Akarbe b\u00f6lgesinde de ter\u00f6re kar\u015f\u0131 operasyonlar\u0131n ba\u015far\u0131yla devam etti\u011fini belirtti.<\/p>\n<p>Dera K\u0131rsal\u0131nda Etman Beldesine s\u0131zmaya \u00e7al\u0131\u015fan ter\u00f6ristlerle kahraman birliklerimiz aras\u0131nda meydana gelen \u00e7at\u0131\u015fmada ter\u00f6ristlerin b\u00fcy\u00fck \u00e7o\u011funlu\u011funun \u00f6l\u00fc ve yaral\u0131 olarak ele ge\u00e7irildi\u011fine i\u015faret eden kaynak; operasyonlar\u0131n genelinde ter\u00f6ristlere b\u00fcy\u00fck be\u015feri ve lojistik kay\u0131p verdirildi\u011finin alt\u0131n\u0131 \u00e7izdi.<\/p>\n<p><span style=\"color: #0000ff\">Kunaytra K\u0131rsal\u0131nda Onlarca Ter\u00f6rist \u00d6ld\u00fcr\u00fcld\u00fc<\/span><\/p>\n<p>Ter\u00f6re kar\u015f\u0131 m\u00fccadelenin Kunaytra K\u0131rsal\u0131nda da ciddi ba\u015far\u0131lar getirdi\u011fine de\u011finen kaynak; Nebii el Sah\u0131r ve Um Batna b\u00f6lgelerinde d\u00fczenlenen operasyonlarda onlarca ter\u00f6ristin \u00f6l\u00fc ve yaral\u0131 d\u00fc\u015f\u00fcr\u00fcld\u00fc\u011f\u00fcn\u00fc bir\u00e7ok ter\u00f6r yuvas\u0131n\u0131n da tamamen yok edildi\u011fini aktard\u0131.<\/p>\n<p><span style=\"color: #0000ff\">Homs K\u0131rsal\u0131nda G\u00fcvenli B\u00f6lgelere S\u0131zma Giri\u015fimleri \u00c7\u00f6kertildi<\/span><\/p>\n<p>Homs K\u0131rsal\u0131n\u0131n Hilaliye tar\u0131m arazilerinden el Ceburiyn b\u00f6lgesine s\u0131zmaya \u00e7al\u0131\u015fan ter\u00f6ristlerle kahraman birliklerimiz aras\u0131nda \u015fiddetli \u00e7at\u0131\u015fmalar meydana geldi\u011fini ifade eden kaynak; \u00e7at\u0131\u015fmada ter\u00f6ristlerin b\u00fcy\u00fck bir k\u0131sm\u0131n\u0131n \u00f6l\u00fc ve yaral\u0131 d\u00fc\u015f\u00fcr\u00fcld\u00fc\u011f\u00fcn\u00fc havzalar\u0131nda bulunan silah ve m\u00fchimmat\u0131n da imha edildi\u011fini belirtti.<\/p>\n","protected":false},"excerpt":{"rendered":"<p>\u0130LLER \u2013 M\u00fcbarek Kurban bayram\u0131 m\u00fcnasebetiyle b\u00fct\u00fcn M\u00fcsl\u00fcmanlar\u0131n y\u00fcreklerinde k\u00f6k salm\u0131\u015f ho\u015fg\u00f6r\u00fc, sevgi, bar\u0131\u015f, karde\u015flik ve c\u00f6mertlik duygular\u0131, akraba-kom\u015fu ziyaretlerine ve \u00e7ocuklar\u0131n masum tebess\u00fcmlerine yans\u0131rken kahraman ordu birliklerimiz insanl\u0131\u011f\u0131n temelini te\u015fkil eden bu duygular\u0131 ve \u00e7ocuklar\u0131n masum tebess\u00fcmlerini hedef alan ter\u00f6re kar\u015f\u0131 amans\u0131z m\u00fccadelesini s\u00fcrd\u00fcr\u00fcyor. \u015eam K\u0131rsal\u0131nda Ter\u00f6ristler Eleba\u015flar\u0131yla Birlikte \u00d6ld\u00fcr\u00fcld\u00fc \u015eam K\u0131rsal\u0131n\u0131n Harasta ve &hellip;<\/p>\n","protected":false},"author":1,"featured_media":12259,"comment_status":"closed","ping_status":"closed","sticky":false,"template":"","format":"standard","meta":{"footnotes":""},"categories":[575],"tags":[3019,3017,3015,3018,3016],"class_list":["post-12258","post","type-post","status-publish","format-standard","has-post-thumbnail","","category-olaylar-ve-gercekler","tag-akraba-komsu-ziyaretlerine-ve-cocuklarin-masum-tebessumlerine-yansirken-kahraman-ordu-birliklerimiz-insanligin-temelini-teskil-eden-bu-duygulari-ve-cocuklarin-masum-tebessumlerini-hedef-alan-terore-ka","tag-baris","tag-iller-mubarek-kurban-bayrami-munasebetiyle-butun-muslumanlarin-yureklerinde-kok-salmis-hosgoru","tag-kardeslik-ve-comertlik-duygulari","tag-sevgi"],"_links":{"self":[{"href":"https:\/\/archive.sana.sy\/tr\/index.php?rest_route=\/wp\/v2\/posts\/12258","targetHints":{"allow":["GET"]}}],"collection":[{"href":"https:\/\/archive.sana.sy\/tr\/index.php?rest_route=\/wp\/v2\/posts"}],"about":[{"href":"https:\/\/archive.sana.sy\/tr\/index.php?rest_route=\/wp\/v2\/types\/post"}],"author":[{"embeddable":true,"href":"https:\/\/archive.sana.sy\/tr\/index.php?rest_route=\/wp\/v2\/users\/1"}],"replies":[{"embeddable":true,"href":"https:\/\/archive.sana.sy\/tr\/index.php?rest_route=%2Fwp%2Fv2%2Fcomments&post=12258"}],"version-history":[{"count":0,"href":"https:\/\/archive.sana.sy\/tr\/index.php?rest_route=\/wp\/v2\/posts\/12258\/revisions"}],"wp:featuredmedia":[{"embeddable":true,"href":"https:\/\/archive.sana.sy\/tr\/index.php?rest_route=\/wp\/v2\/media\/12259"}],"wp:attachment":[{"href":"https:\/\/archive.sana.sy\/tr\/index.php?rest_route=%2Fwp%2Fv2%2Fmedia&parent=12258"}],"wp:term":[{"taxonomy":"category","embeddable":true,"href":"https:\/\/archive.sana.sy\/tr\/index.php?rest_route=%2Fwp%2Fv2%2Fcategories&post=12258"},{"taxonomy":"post_tag","embeddable":true,"href":"https:\/\/archive.sana.sy\/tr\/index.php?rest_route=%2Fwp%2Fv2%2Ftags&post=12258"}],"curies":[{"name":"wp","href":"https:\/\/api.w.org\/{rel}","templated":true}]}}