{"id":122617,"date":"2017-08-20T11:03:50","date_gmt":"2017-08-20T08:03:50","guid":{"rendered":"http:\/\/www.sana.sy\/tr\/?p=122617"},"modified":"2017-08-21T15:02:39","modified_gmt":"2017-08-21T12:02:39","slug":"altin-madalyayi-suriyeli-yarismaci-kazandi","status":"publish","type":"post","link":"https:\/\/archive.sana.sy\/tr\/?p=122617","title":{"rendered":"Alt\u0131n Madalyay\u0131 Suriyeli Yar\u0131\u015fmac\u0131 Kazand\u0131"},"content":{"rendered":"<p>BEYRUT \u2013 Bir\u00e7ok \u00fclkeden 60 yar\u0131\u015fmac\u0131n\u0131n kat\u0131l\u0131m\u0131yla L\u00fcbnan\u2019\u0131n ba\u015fkenti Beyrut\u2019ta d\u00fczenlenen a\u00e7\u0131k bisiklet yar\u0131\u015flar\u0131nda Suriyeli yar\u0131\u015fmac\u0131 Yusuf Sruci alt\u0131n madalya kazand\u0131.<\/p>\n<p>Bisiklet Sporlar\u0131 Federasyonu Ba\u015fkan\u0131 Muhammed el H\u0131z\u0131r; bisiklet yar\u0131\u015flar\u0131nda y\u00fcksek d\u00fczeye sahip uluslar aras\u0131 yar\u0131\u015fmac\u0131lar\u0131n yer ald\u0131\u011f\u0131 bu yar\u0131\u015fmaya kat\u0131l\u0131m\u0131n Suriyeli yar\u0131\u015fmac\u0131lar a\u00e7\u0131s\u0131ndan ta\u015f\u0131d\u0131\u011f\u0131 \u00f6neme dikkat \u00e7ekti. H\u0131z\u0131r Sruci\u2019nin bu ba\u015far\u0131s\u0131n\u0131n Suriye sporu a\u00e7\u0131s\u0131ndan ciddi bir \u00f6nem ta\u015f\u0131d\u0131\u011f\u0131n\u0131 belirtti.<\/p>\n","protected":false},"excerpt":{"rendered":"<p>BEYRUT \u2013 Bir\u00e7ok \u00fclkeden 60 yar\u0131\u015fmac\u0131n\u0131n kat\u0131l\u0131m\u0131yla L\u00fcbnan\u2019\u0131n ba\u015fkenti Beyrut\u2019ta d\u00fczenlenen a\u00e7\u0131k bisiklet yar\u0131\u015flar\u0131nda Suriyeli yar\u0131\u015fmac\u0131 Yusuf Sruci alt\u0131n madalya kazand\u0131. Bisiklet Sporlar\u0131 Federasyonu Ba\u015fkan\u0131 Muhammed el H\u0131z\u0131r; bisiklet yar\u0131\u015flar\u0131nda y\u00fcksek d\u00fczeye sahip uluslar aras\u0131 yar\u0131\u015fmac\u0131lar\u0131n yer ald\u0131\u011f\u0131 bu yar\u0131\u015fmaya kat\u0131l\u0131m\u0131n Suriyeli yar\u0131\u015fmac\u0131lar a\u00e7\u0131s\u0131ndan ta\u015f\u0131d\u0131\u011f\u0131 \u00f6neme dikkat \u00e7ekti. H\u0131z\u0131r Sruci\u2019nin bu ba\u015far\u0131s\u0131n\u0131n Suriye sporu a\u00e7\u0131s\u0131ndan &hellip;<\/p>\n","protected":false},"author":1,"featured_media":122622,"comment_status":"closed","ping_status":"closed","sticky":false,"template":"","format":"standard","meta":{"footnotes":""},"categories":[458,498,459,17988,496],"tags":[32070,32069,32071,7321,32072,22440],"class_list":["post-122617","post","type-post","status-publish","format-standard","has-post-thumbnail","","category-dunya1","category-dunya-turnuvalari","category-haberler-arap-uluslararasi-politika","category-son-haberler","category-spor","tag-60-yarismacini","tag-bircok-ulkeden","tag-bisiklet-sporlari-federasyonu-baskani-muhammed-el-hizir","tag-lubnan","tag-suriye-sporu","tag-suriyeli-yarismacilar"],"_links":{"self":[{"href":"https:\/\/archive.sana.sy\/tr\/index.php?rest_route=\/wp\/v2\/posts\/122617","targetHints":{"allow":["GET"]}}],"collection":[{"href":"https:\/\/archive.sana.sy\/tr\/index.php?rest_route=\/wp\/v2\/posts"}],"about":[{"href":"https:\/\/archive.sana.sy\/tr\/index.php?rest_route=\/wp\/v2\/types\/post"}],"author":[{"embeddable":true,"href":"https:\/\/archive.sana.sy\/tr\/index.php?rest_route=\/wp\/v2\/users\/1"}],"replies":[{"embeddable":true,"href":"https:\/\/archive.sana.sy\/tr\/index.php?rest_route=%2Fwp%2Fv2%2Fcomments&post=122617"}],"version-history":[{"count":0,"href":"https:\/\/archive.sana.sy\/tr\/index.php?rest_route=\/wp\/v2\/posts\/122617\/revisions"}],"wp:featuredmedia":[{"embeddable":true,"href":"https:\/\/archive.sana.sy\/tr\/index.php?rest_route=\/wp\/v2\/media\/122622"}],"wp:attachment":[{"href":"https:\/\/archive.sana.sy\/tr\/index.php?rest_route=%2Fwp%2Fv2%2Fmedia&parent=122617"}],"wp:term":[{"taxonomy":"category","embeddable":true,"href":"https:\/\/archive.sana.sy\/tr\/index.php?rest_route=%2Fwp%2Fv2%2Fcategories&post=122617"},{"taxonomy":"post_tag","embeddable":true,"href":"https:\/\/archive.sana.sy\/tr\/index.php?rest_route=%2Fwp%2Fv2%2Ftags&post=122617"}],"curies":[{"name":"wp","href":"https:\/\/api.w.org\/{rel}","templated":true}]}}