{"id":122661,"date":"2017-08-21T14:07:31","date_gmt":"2017-08-21T11:07:31","guid":{"rendered":"http:\/\/www.sana.sy\/tr\/?p=122661"},"modified":"2017-08-22T15:17:17","modified_gmt":"2017-08-22T12:17:17","slug":"sam-fuari-yogun-ilgiyle-devam-ediyor","status":"publish","type":"post","link":"https:\/\/archive.sana.sy\/tr\/?p=122661","title":{"rendered":"\u015eam Fuar\u0131 Yo\u011fun ilgiyle Devam Ediyor"},"content":{"rendered":"<p>\u015eAM KIRSALI \u2013 Muhtelif ekonomik, sosyal, k\u00fclt\u00fcrel ve sanatsal faaliyetleri ile devam eden uluslararas\u0131 \u015eam Fuar\u0131 halk\u0131n yo\u011fun ilgisi ile devam ediyor.<\/p>\n<p>Halk\u0131n t\u00fcm kesimleri ve bile\u015fenlerine hitap eden muhtelif sanatsal ve k\u00fclt\u00fcrel faaliyetler, resmi ve ticari faaliyetlerden uzak olarak kitlelerin be\u011fenisini kazand\u0131.<\/p>\n<p>\u00c7ocuk tiyatrolar\u0131, konserler ve daha ba\u015fka e\u011flencesel faaliyetlere kat\u0131lan vatanda\u015flar, ticari \u015firketlerin de stantlar\u0131n\u0131 dola\u015farak muhtelif t\u00fcketim ve g\u0131da maddelerinden ihtiya\u00e7lar\u0131n\u0131 da kar\u015f\u0131l\u0131yor.<\/p>\n<p>https:\/\/www.youtube.com\/watch?v=aQtRhE0YAsQ<\/p>\n<p>https:\/\/www.youtube.com\/watch?v=p88-9bX1SJc<\/p>\n<p>https:\/\/www.youtube.com\/watch?v=vR00Bs35Q0k<\/p>\n","protected":false},"excerpt":{"rendered":"<p>\u015eAM KIRSALI \u2013 Muhtelif ekonomik, sosyal, k\u00fclt\u00fcrel ve sanatsal faaliyetleri ile devam eden uluslararas\u0131 \u015eam Fuar\u0131 halk\u0131n yo\u011fun ilgisi ile devam ediyor. Halk\u0131n t\u00fcm kesimleri ve bile\u015fenlerine hitap eden muhtelif sanatsal ve k\u00fclt\u00fcrel faaliyetler, resmi ve ticari faaliyetlerden uzak olarak kitlelerin be\u011fenisini kazand\u0131. \u00c7ocuk tiyatrolar\u0131, konserler ve daha ba\u015fka e\u011flencesel faaliyetlere kat\u0131lan vatanda\u015flar, ticari \u015firketlerin &hellip;<\/p>\n","protected":false},"author":1,"featured_media":122666,"comment_status":"closed","ping_status":"closed","sticky":false,"template":"","format":"standard","meta":{"footnotes":""},"categories":[485,516,486,479,511,17988,478],"tags":[25482,29694,19396,16591,30981,13043,30791,22181,28846],"class_list":["post-122661","post","type-post","status-publish","format-standard","has-post-thumbnail","","category-is-ve-sermaye","category-haberler-kultur-ve-sanat","category-haberler-is-ve-sermaye","category-haberler-yerel","category-kultur-ve-sanat","category-son-haberler","category-yerel","tag-kulturel-faaliyetler","tag-sam-fuari","tag-sosyal-faaliyetler","tag-suriye","tag-suriye-fuarlari","tag-suriye-halki","tag-suriyede-fuar","tag-suriyeliler","tag-uluslararasi-sam-fuari"],"_links":{"self":[{"href":"https:\/\/archive.sana.sy\/tr\/index.php?rest_route=\/wp\/v2\/posts\/122661","targetHints":{"allow":["GET"]}}],"collection":[{"href":"https:\/\/archive.sana.sy\/tr\/index.php?rest_route=\/wp\/v2\/posts"}],"about":[{"href":"https:\/\/archive.sana.sy\/tr\/index.php?rest_route=\/wp\/v2\/types\/post"}],"author":[{"embeddable":true,"href":"https:\/\/archive.sana.sy\/tr\/index.php?rest_route=\/wp\/v2\/users\/1"}],"replies":[{"embeddable":true,"href":"https:\/\/archive.sana.sy\/tr\/index.php?rest_route=%2Fwp%2Fv2%2Fcomments&post=122661"}],"version-history":[{"count":0,"href":"https:\/\/archive.sana.sy\/tr\/index.php?rest_route=\/wp\/v2\/posts\/122661\/revisions"}],"wp:featuredmedia":[{"embeddable":true,"href":"https:\/\/archive.sana.sy\/tr\/index.php?rest_route=\/wp\/v2\/media\/122666"}],"wp:attachment":[{"href":"https:\/\/archive.sana.sy\/tr\/index.php?rest_route=%2Fwp%2Fv2%2Fmedia&parent=122661"}],"wp:term":[{"taxonomy":"category","embeddable":true,"href":"https:\/\/archive.sana.sy\/tr\/index.php?rest_route=%2Fwp%2Fv2%2Fcategories&post=122661"},{"taxonomy":"post_tag","embeddable":true,"href":"https:\/\/archive.sana.sy\/tr\/index.php?rest_route=%2Fwp%2Fv2%2Ftags&post=122661"}],"curies":[{"name":"wp","href":"https:\/\/api.w.org\/{rel}","templated":true}]}}