{"id":122662,"date":"2017-08-21T13:45:35","date_gmt":"2017-08-21T10:45:35","guid":{"rendered":"http:\/\/www.sana.sy\/tr\/?p=122662"},"modified":"2017-08-22T15:14:50","modified_gmt":"2017-08-22T12:14:50","slug":"yapilanmada-yaraticilik-slogani-altinda-basladi-video","status":"publish","type":"post","link":"https:\/\/archive.sana.sy\/tr\/?p=122662","title":{"rendered":"Yap\u0131lanmada Yarat\u0131c\u0131l\u0131k Slogan\u0131 Alt\u0131nda Ba\u015flad\u0131 (video)"},"content":{"rendered":"<p>\u015eAM \u2013 T\u00fcm alan ve sekt\u00f6rlerde olanak ve yetenekleri destekleme amac\u0131yla 18. El basil Yarat\u0131c\u0131l\u0131k ve \u0130cat Fuar\u0131\u00a0\u2018Yap\u0131lanmada Yarat\u0131c\u0131l\u0131k \u2018 slogan\u0131 alt\u0131nda faaliyetlerine ba\u015flad\u0131.<\/p>\n<p>Uluslararas\u0131 \u015eam Fuar\u0131n\u0131n 59. d\u00f6nem faaliyetlerine e\u015f zamanl\u0131 olarak Fuarlar Kentinde d\u00fczenlenen fuarda Suriye, M\u0131s\u0131r, Irak ve L\u00fcbnan\u2019da 700\u2019den fazla icat yer al\u0131yor. Yeniden yap\u0131lanma ve alternatif enerjinin yan\u0131 s\u0131ra muhtelif alanlara odakl\u0131 icatlar fuar ziyaret\u00e7ilerinin b\u00fcy\u00fck ilgisini g\u00f6rd\u00fc.<\/p>\n<p>\u0130\u00e7 Ticaret ve T\u00fcketiciyi Koruma Bakan\u0131 Abdullah el Garbi fuar\u0131n bu y\u0131l Suriye&#8217;den 650\u2019den fazla kat\u0131l\u0131mc\u0131n\u0131n bulunmas\u0131 ve fuarda sergilenen \u00fcr\u00fcnlerin \u00fcst\u00fcn nitelikler ta\u015f\u0131mas\u0131 a\u00e7\u0131s\u0131ndan di\u011fer y\u0131llara nazaran daha farkl\u0131 oldu\u011funu belirtti.<\/p>\n<p>https:\/\/www.youtube.com\/watch?v=sdra1GJ45L0<\/p>\n","protected":false},"excerpt":{"rendered":"<p>\u015eAM \u2013 T\u00fcm alan ve sekt\u00f6rlerde olanak ve yetenekleri destekleme amac\u0131yla 18. El basil Yarat\u0131c\u0131l\u0131k ve \u0130cat Fuar\u0131\u00a0\u2018Yap\u0131lanmada Yarat\u0131c\u0131l\u0131k \u2018 slogan\u0131 alt\u0131nda faaliyetlerine ba\u015flad\u0131. Uluslararas\u0131 \u015eam Fuar\u0131n\u0131n 59. d\u00f6nem faaliyetlerine e\u015f zamanl\u0131 olarak Fuarlar Kentinde d\u00fczenlenen fuarda Suriye, M\u0131s\u0131r, Irak ve L\u00fcbnan\u2019da 700\u2019den fazla icat yer al\u0131yor. Yeniden yap\u0131lanma ve alternatif enerjinin yan\u0131 s\u0131ra muhtelif &hellip;<\/p>\n","protected":false},"author":1,"featured_media":122663,"comment_status":"closed","ping_status":"closed","sticky":false,"template":"","format":"standard","meta":{"footnotes":""},"categories":[485,486,479,17988,478],"tags":[32076,32075,16591,30981,30791,22181,31991],"class_list":["post-122662","post","type-post","status-publish","format-standard","has-post-thumbnail","","category-is-ve-sermaye","category-haberler-is-ve-sermaye","category-haberler-yerel","category-son-haberler","category-yerel","tag-el-basil-yaraticilik-ve-icat-fuari","tag-icat","tag-suriye","tag-suriye-fuarlari","tag-suriyede-fuar","tag-suriyeliler","tag-yaraticilik"],"_links":{"self":[{"href":"https:\/\/archive.sana.sy\/tr\/index.php?rest_route=\/wp\/v2\/posts\/122662","targetHints":{"allow":["GET"]}}],"collection":[{"href":"https:\/\/archive.sana.sy\/tr\/index.php?rest_route=\/wp\/v2\/posts"}],"about":[{"href":"https:\/\/archive.sana.sy\/tr\/index.php?rest_route=\/wp\/v2\/types\/post"}],"author":[{"embeddable":true,"href":"https:\/\/archive.sana.sy\/tr\/index.php?rest_route=\/wp\/v2\/users\/1"}],"replies":[{"embeddable":true,"href":"https:\/\/archive.sana.sy\/tr\/index.php?rest_route=%2Fwp%2Fv2%2Fcomments&post=122662"}],"version-history":[{"count":0,"href":"https:\/\/archive.sana.sy\/tr\/index.php?rest_route=\/wp\/v2\/posts\/122662\/revisions"}],"wp:featuredmedia":[{"embeddable":true,"href":"https:\/\/archive.sana.sy\/tr\/index.php?rest_route=\/wp\/v2\/media\/122663"}],"wp:attachment":[{"href":"https:\/\/archive.sana.sy\/tr\/index.php?rest_route=%2Fwp%2Fv2%2Fmedia&parent=122662"}],"wp:term":[{"taxonomy":"category","embeddable":true,"href":"https:\/\/archive.sana.sy\/tr\/index.php?rest_route=%2Fwp%2Fv2%2Fcategories&post=122662"},{"taxonomy":"post_tag","embeddable":true,"href":"https:\/\/archive.sana.sy\/tr\/index.php?rest_route=%2Fwp%2Fv2%2Ftags&post=122662"}],"curies":[{"name":"wp","href":"https:\/\/api.w.org\/{rel}","templated":true}]}}