{"id":122665,"date":"2017-08-21T14:19:08","date_gmt":"2017-08-21T11:19:08","guid":{"rendered":"http:\/\/www.sana.sy\/tr\/?p=122665"},"modified":"2017-08-22T15:14:48","modified_gmt":"2017-08-22T12:14:48","slug":"isidin-buyuk-bir-arac-konvoyu-imha-edildi-video","status":"publish","type":"post","link":"https:\/\/archive.sana.sy\/tr\/?p=122665","title":{"rendered":"I\u015e\u0130D\u2019in B\u00fcy\u00fck Bir Ara\u00e7 Konvoyu \u0130mha Edildi (video)"},"content":{"rendered":"<p>MOSKOVA \u2013 Rusya Savunma Bakanl\u0131\u011f\u0131 Rus hava g\u00fc\u00e7lerinin Suriye&#8217;de Deyrezzor ekseninden hareket eden I\u015e\u0130D\u2019e ait onlarca ara\u00e7tan ibaret b\u00fcy\u00fck bir ara\u00e7 konvoyunu imha ettiklerini belirtirken, aralar\u0131nda saha komutanlar\u0131n\u0131n bulundu\u011fu e 200\u2019den fazla ter\u00f6risti yok ettiklerini belirtti.<\/p>\n<p>Rus bakanl\u0131k yay\u0131nlad\u0131\u011f\u0131 b\u00fcltende hava operasyonlar\u0131nda I\u015e\u0130D\u2019in Deyrezzor ekseninde hareket eden I\u015e\u0130D\u2019in muhtelif ara\u00e7lardan ibaret b\u00fcy\u00fck bir konvoyunun Rus hava g\u00fc\u00e7leri taraf\u0131ndan imha edildi\u011fini vurgulad\u0131. Bakanl\u0131k imha edilen ara\u00e7 konvoyunda muhtelif t\u00fcr a\u011f\u0131r silahlarla donat\u0131lm\u0131\u015f 20 ara\u00e7, \u00e7ok say\u0131da z\u0131rhl\u0131 ara\u00e7, bir\u00e7ok tank ve kamyonun bulundu\u011funa dikkat \u00e7ekerken hava operasyonlar\u0131nda en az 200 ter\u00f6ristin de yok edildiklerini kaydetti.<\/p>\n<p>Rus hava g\u00fc\u00e7lerinin ayn\u0131 zamanda Suriye ordusunun a\u011f\u0131r darbeleri ard\u0131ndan geriye kalan b\u00f6lgeleri koruma ama\u00e7l\u0131 olarak saflar\u0131n\u0131 yeniden birle\u015ftirmeye \u00e7al\u0131\u015fan I\u015e\u0130D\u2019li \u00e7etelerin bir\u00e7ok b\u00f6lgede toplanma yerlerini imha ettiklerini ifade eden Rusya Savunma Bakanl\u0131\u011f\u0131; bu operasyonlarda da radikal ter\u00f6r \u00f6rg\u00fct\u00fc I\u015e\u0130D\u2019in say\u0131 ve ara\u00e7lar\u0131yla b\u00fcy\u00fck kay\u0131plara u\u011frat\u0131ld\u0131klar\u0131na dikkat \u00e7ekti.<\/p>\n<p>https:\/\/www.youtube.com\/watch?v=MpC4Tzjjr7g<\/p>\n","protected":false},"excerpt":{"rendered":"<p>MOSKOVA \u2013 Rusya Savunma Bakanl\u0131\u011f\u0131 Rus hava g\u00fc\u00e7lerinin Suriye&#8217;de Deyrezzor ekseninden hareket eden I\u015e\u0130D\u2019e ait onlarca ara\u00e7tan ibaret b\u00fcy\u00fck bir ara\u00e7 konvoyunu imha ettiklerini belirtirken, aralar\u0131nda saha komutanlar\u0131n\u0131n bulundu\u011fu e 200\u2019den fazla ter\u00f6risti yok ettiklerini belirtti. Rus bakanl\u0131k yay\u0131nlad\u0131\u011f\u0131 b\u00fcltende hava operasyonlar\u0131nda I\u015e\u0130D\u2019in Deyrezzor ekseninde hareket eden I\u015e\u0130D\u2019in muhtelif ara\u00e7lardan ibaret b\u00fcy\u00fck bir konvoyunun Rus &hellip;<\/p>\n","protected":false},"author":1,"featured_media":122669,"comment_status":"closed","ping_status":"closed","sticky":false,"template":"","format":"standard","meta":{"footnotes":""},"categories":[458,459,575,17988],"tags":[29638,18237,18576,18577,2494,18942,2318,24011,29621,17048,18586,16591,11549,19034,22181],"class_list":["post-122665","post","type-post","status-publish","format-standard","has-post-thumbnail","","category-dunya1","category-haberler-arap-uluslararasi-politika","category-olaylar-ve-gercekler","category-son-haberler","tag-arac-konvoyu","tag-cihatcilar","tag-daes","tag-deas","tag-deyrezzor","tag-hava-operasyonlari","tag-isid","tag-iside-karsi-savas","tag-isidi-vurdu","tag-rus-hava-gucleri","tag-rus-ucaklar","tag-suriye","tag-suriye-ordusu","tag-suriyeli-muhalifler","tag-suriyeliler"],"_links":{"self":[{"href":"https:\/\/archive.sana.sy\/tr\/index.php?rest_route=\/wp\/v2\/posts\/122665","targetHints":{"allow":["GET"]}}],"collection":[{"href":"https:\/\/archive.sana.sy\/tr\/index.php?rest_route=\/wp\/v2\/posts"}],"about":[{"href":"https:\/\/archive.sana.sy\/tr\/index.php?rest_route=\/wp\/v2\/types\/post"}],"author":[{"embeddable":true,"href":"https:\/\/archive.sana.sy\/tr\/index.php?rest_route=\/wp\/v2\/users\/1"}],"replies":[{"embeddable":true,"href":"https:\/\/archive.sana.sy\/tr\/index.php?rest_route=%2Fwp%2Fv2%2Fcomments&post=122665"}],"version-history":[{"count":0,"href":"https:\/\/archive.sana.sy\/tr\/index.php?rest_route=\/wp\/v2\/posts\/122665\/revisions"}],"wp:featuredmedia":[{"embeddable":true,"href":"https:\/\/archive.sana.sy\/tr\/index.php?rest_route=\/wp\/v2\/media\/122669"}],"wp:attachment":[{"href":"https:\/\/archive.sana.sy\/tr\/index.php?rest_route=%2Fwp%2Fv2%2Fmedia&parent=122665"}],"wp:term":[{"taxonomy":"category","embeddable":true,"href":"https:\/\/archive.sana.sy\/tr\/index.php?rest_route=%2Fwp%2Fv2%2Fcategories&post=122665"},{"taxonomy":"post_tag","embeddable":true,"href":"https:\/\/archive.sana.sy\/tr\/index.php?rest_route=%2Fwp%2Fv2%2Ftags&post=122665"}],"curies":[{"name":"wp","href":"https:\/\/api.w.org\/{rel}","templated":true}]}}