{"id":122676,"date":"2017-08-21T15:25:55","date_gmt":"2017-08-21T12:25:55","guid":{"rendered":"http:\/\/www.sana.sy\/tr\/?p=122676"},"modified":"2017-08-22T15:21:15","modified_gmt":"2017-08-22T12:21:15","slug":"birinci-ekonomi-forumu-calismalarina-basladi","status":"publish","type":"post","link":"https:\/\/archive.sana.sy\/tr\/?p=122676","title":{"rendered":"Birinci Ekonomi Forumu \u00c7al\u0131\u015fmalar\u0131na Ba\u015flad\u0131"},"content":{"rendered":"<p>\u015eAM \u2013 1. Suriye Ekonomi Forumu bug\u00fcn Ba\u015fbakan \u0130mad Hamis\u2019in g\u00f6zetimi alt\u0131nda \u2018Ulusal Ekonomik \u00c7\u00f6z\u00fcme Do\u011fu\u2019 slogan\u0131 alt\u0131nda faaliyetlerine ba\u015flad\u0131.<\/p>\n<p><a href=\"http:\/\/www.sana.sy\/tr\/wp-content\/uploads\/2017\/08\/ekonomi.jpg\"><img loading=\"lazy\" decoding=\"async\" class=\"alignright wp-image-122679 size-medium\" src=\"http:\/\/www.sana.sy\/tr\/wp-content\/uploads\/2017\/08\/ekonomi-300x187.jpg\" alt=\"\" width=\"300\" height=\"187\" srcset=\"https:\/\/archive.sana.sy\/tr\/wp-content\/uploads\/2017\/08\/ekonomi-300x187.jpg 300w, https:\/\/archive.sana.sy\/tr\/wp-content\/uploads\/2017\/08\/ekonomi-150x94.jpg 150w, https:\/\/archive.sana.sy\/tr\/wp-content\/uploads\/2017\/08\/ekonomi-768x479.jpg 768w, https:\/\/archive.sana.sy\/tr\/wp-content\/uploads\/2017\/08\/ekonomi-1024x639.jpg 1024w\" sizes=\"auto, (max-width: 300px) 100vw, 300px\" \/><\/a>Delta i\u015f ve Ekonomi Grubunun \u015eam\u2019daki Dama Rose Otelinde organize etti\u011fi ekonomi forumu; yeniden yap\u0131lanma ve iyile\u015fme y\u00f6n\u00fcnde ulusal ekonomi haritas\u0131 belirleme, g\u00fc\u00e7l\u00fc ve yeni Suriye&#8217;nin yap\u0131lanmas\u0131na katk\u0131 sa\u011flama ve \u00f6n\u00fcm\u00fczdeki s\u00fcre\u00e7 i\u00e7inde Suriye ekonomisi hakk\u0131nda ger\u00e7ek\u00e7i bir portre resmetmeyi ama\u00e7l\u0131yor. Ayn\u0131 zamanda yeniden yap\u0131lanma s\u00fcrecinin daha az bir k\u00fclfet ve daha k\u0131sa bir zamanla icra edilmesi y\u00f6n\u00fcnde \u00e7abalar\u0131 yo\u011funla\u015ft\u0131r\u0131p birle\u015ftirmeyi hedefliyor.<\/p>\n","protected":false},"excerpt":{"rendered":"<p>\u015eAM \u2013 1. Suriye Ekonomi Forumu bug\u00fcn Ba\u015fbakan \u0130mad Hamis\u2019in g\u00f6zetimi alt\u0131nda \u2018Ulusal Ekonomik \u00c7\u00f6z\u00fcme Do\u011fu\u2019 slogan\u0131 alt\u0131nda faaliyetlerine ba\u015flad\u0131. Delta i\u015f ve Ekonomi Grubunun \u015eam\u2019daki Dama Rose Otelinde organize etti\u011fi ekonomi forumu; yeniden yap\u0131lanma ve iyile\u015fme y\u00f6n\u00fcnde ulusal ekonomi haritas\u0131 belirleme, g\u00fc\u00e7l\u00fc ve yeni Suriye&#8217;nin yap\u0131lanmas\u0131na katk\u0131 sa\u011flama ve \u00f6n\u00fcm\u00fczdeki s\u00fcre\u00e7 i\u00e7inde Suriye ekonomisi &hellip;<\/p>\n","protected":false},"author":1,"featured_media":122678,"comment_status":"closed","ping_status":"closed","sticky":false,"template":"","format":"standard","meta":{"footnotes":""},"categories":[485,486,17988],"tags":[32078,32077,22366,32079,32080],"class_list":["post-122676","post","type-post","status-publish","format-standard","has-post-thumbnail","","category-is-ve-sermaye","category-haberler-is-ve-sermaye","category-son-haberler","tag-ulusal-ekonomik-cozume-dogu","tag-1-suriye-ekonomi-forumu","tag-basbakan-imad-hamis","tag-delta-is-ve-ekonomi-grubu","tag-samdaki-dama-rose-otelinde"],"_links":{"self":[{"href":"https:\/\/archive.sana.sy\/tr\/index.php?rest_route=\/wp\/v2\/posts\/122676","targetHints":{"allow":["GET"]}}],"collection":[{"href":"https:\/\/archive.sana.sy\/tr\/index.php?rest_route=\/wp\/v2\/posts"}],"about":[{"href":"https:\/\/archive.sana.sy\/tr\/index.php?rest_route=\/wp\/v2\/types\/post"}],"author":[{"embeddable":true,"href":"https:\/\/archive.sana.sy\/tr\/index.php?rest_route=\/wp\/v2\/users\/1"}],"replies":[{"embeddable":true,"href":"https:\/\/archive.sana.sy\/tr\/index.php?rest_route=%2Fwp%2Fv2%2Fcomments&post=122676"}],"version-history":[{"count":0,"href":"https:\/\/archive.sana.sy\/tr\/index.php?rest_route=\/wp\/v2\/posts\/122676\/revisions"}],"wp:featuredmedia":[{"embeddable":true,"href":"https:\/\/archive.sana.sy\/tr\/index.php?rest_route=\/wp\/v2\/media\/122678"}],"wp:attachment":[{"href":"https:\/\/archive.sana.sy\/tr\/index.php?rest_route=%2Fwp%2Fv2%2Fmedia&parent=122676"}],"wp:term":[{"taxonomy":"category","embeddable":true,"href":"https:\/\/archive.sana.sy\/tr\/index.php?rest_route=%2Fwp%2Fv2%2Fcategories&post=122676"},{"taxonomy":"post_tag","embeddable":true,"href":"https:\/\/archive.sana.sy\/tr\/index.php?rest_route=%2Fwp%2Fv2%2Ftags&post=122676"}],"curies":[{"name":"wp","href":"https:\/\/api.w.org\/{rel}","templated":true}]}}