{"id":12268,"date":"2014-10-03T13:50:59","date_gmt":"2014-10-03T10:50:59","guid":{"rendered":"http:\/\/www.sana.sy\/tr\/?p=12268"},"modified":"2014-10-03T13:50:59","modified_gmt":"2014-10-03T10:50:59","slug":"kurban-bayrami-sehitlere-dua-ile-sinirli-kalacak","status":"publish","type":"post","link":"https:\/\/archive.sana.sy\/tr\/?p=12268","title":{"rendered":"Kurban Bayram\u0131 \u015eehitlere Dua ile S\u0131n\u0131rl\u0131 Kalacak"},"content":{"rendered":"<p>\u015eAM \u2013 Vak\u0131flar Bakanl\u0131\u011f\u0131 m\u00fcbarek kurban bayram\u0131n\u0131n bu y\u0131l ordu ve silahl\u0131 kuvvetlerimizin \u015fehitleri, \u00c7ar\u015famba g\u00fcn\u00fc Homs \u2013 \u0130krima Semtinde \u015fehit d\u00fc\u015fen \u00e7ocuklar ve genel olarak t\u00fcm vatan \u015fehitlerinin ruhlar\u0131na dua ve namazlarla s\u0131n\u0131rl\u0131 kalaca\u011f\u0131n\u0131 ilan etti.<\/p>\n<p>Bakanl\u0131k SANA\u2019n\u0131n bug\u00fcn bir n\u00fcshas\u0131n\u0131 ald\u0131\u011f\u0131 beyan\u0131nda t\u00fcm vatanda\u015flar\u0131 vatan \u015fehitlerinin ruhlar\u0131na dua etmeye \u00e7a\u011f\u0131rd\u0131.<\/p>\n","protected":false},"excerpt":{"rendered":"<p>\u015eAM \u2013 Vak\u0131flar Bakanl\u0131\u011f\u0131 m\u00fcbarek kurban bayram\u0131n\u0131n bu y\u0131l ordu ve silahl\u0131 kuvvetlerimizin \u015fehitleri, \u00c7ar\u015famba g\u00fcn\u00fc Homs \u2013 \u0130krima Semtinde \u015fehit d\u00fc\u015fen \u00e7ocuklar ve genel olarak t\u00fcm vatan \u015fehitlerinin ruhlar\u0131na dua ve namazlarla s\u0131n\u0131rl\u0131 kalaca\u011f\u0131n\u0131 ilan etti. Bakanl\u0131k SANA\u2019n\u0131n bug\u00fcn bir n\u00fcshas\u0131n\u0131 ald\u0131\u011f\u0131 beyan\u0131nda t\u00fcm vatanda\u015flar\u0131 vatan \u015fehitlerinin ruhlar\u0131na dua etmeye \u00e7a\u011f\u0131rd\u0131.<\/p>\n","protected":false},"author":1,"featured_media":12269,"comment_status":"closed","ping_status":"closed","sticky":false,"template":"","format":"standard","meta":{"footnotes":""},"categories":[479,478],"tags":[3024,3022,3023],"class_list":["post-12268","post","type-post","status-publish","format-standard","has-post-thumbnail","","category-haberler-yerel","category-yerel","tag-carsamba-gunu-homs-ikrima-semtinde-sehit-dusen-cocuklar-ve-genel-olarak-tum-vatan-sehitlerinin-ruhlarina-dua-ve-namazlarla-sinirli-kalacagini-ilan-etti-bakanlik-sananin-bugun-bir-n","tag-kurban-bayrami-sehitlere-dua-ile-sinirli-kalacak","tag-sam-vakiflar-bakanligi-mubarek-kurban-bayraminin-bu-yil-ordu-ve-silahli-kuvvetlerimizin-sehitleri"],"_links":{"self":[{"href":"https:\/\/archive.sana.sy\/tr\/index.php?rest_route=\/wp\/v2\/posts\/12268","targetHints":{"allow":["GET"]}}],"collection":[{"href":"https:\/\/archive.sana.sy\/tr\/index.php?rest_route=\/wp\/v2\/posts"}],"about":[{"href":"https:\/\/archive.sana.sy\/tr\/index.php?rest_route=\/wp\/v2\/types\/post"}],"author":[{"embeddable":true,"href":"https:\/\/archive.sana.sy\/tr\/index.php?rest_route=\/wp\/v2\/users\/1"}],"replies":[{"embeddable":true,"href":"https:\/\/archive.sana.sy\/tr\/index.php?rest_route=%2Fwp%2Fv2%2Fcomments&post=12268"}],"version-history":[{"count":0,"href":"https:\/\/archive.sana.sy\/tr\/index.php?rest_route=\/wp\/v2\/posts\/12268\/revisions"}],"wp:featuredmedia":[{"embeddable":true,"href":"https:\/\/archive.sana.sy\/tr\/index.php?rest_route=\/wp\/v2\/media\/12269"}],"wp:attachment":[{"href":"https:\/\/archive.sana.sy\/tr\/index.php?rest_route=%2Fwp%2Fv2%2Fmedia&parent=12268"}],"wp:term":[{"taxonomy":"category","embeddable":true,"href":"https:\/\/archive.sana.sy\/tr\/index.php?rest_route=%2Fwp%2Fv2%2Fcategories&post=12268"},{"taxonomy":"post_tag","embeddable":true,"href":"https:\/\/archive.sana.sy\/tr\/index.php?rest_route=%2Fwp%2Fv2%2Ftags&post=12268"}],"curies":[{"name":"wp","href":"https:\/\/api.w.org\/{rel}","templated":true}]}}