{"id":122690,"date":"2017-08-21T16:01:01","date_gmt":"2017-08-21T13:01:01","guid":{"rendered":"http:\/\/www.sana.sy\/tr\/?p=122690"},"modified":"2017-08-22T15:17:33","modified_gmt":"2017-08-22T12:17:33","slug":"isidi-yok-eden-ordu-kontrolu-altindaki-alanlari-da-genisletiyor","status":"publish","type":"post","link":"https:\/\/archive.sana.sy\/tr\/?p=122690","title":{"rendered":"I\u015e\u0130D\u2019i Yok Eden Ordu Kontrol\u00fc Alt\u0131ndaki Alanlar\u0131 da Geni\u015fletiyor"},"content":{"rendered":"<p>\u0130LLER \u2013 Muhtelif illerde ve b\u00f6lgelerde radikal ter\u00f6r \u00f6rg\u00fct\u00fc I\u015e\u0130D\u2019e kar\u015f\u0131 yeni ve \u00f6nemli ba\u015far\u0131lar kaydeden ordu birliklerimiz bu \u00e7eteleri ciddi kay\u0131plara u\u011fratarak kontrolleri alt\u0131ndaki b\u00f6lgeleri de geni\u015fletmeye devam etti.<\/p>\n<p><span style=\"color: #0000ff\">\u015eAM KIRSALI:<\/span><\/p>\n<p>Askeri bir kaynak ordu birliklerimizin L\u00fcbnan direni\u015f g\u00fc\u00e7leri ile i\u015fbirli\u011fi i\u00e7inde ba\u015fkent \u015eam\u2019\u0131n kuzey k\u0131rsal\u0131nda L\u00fcbnan s\u0131n\u0131rlar\u0131na yak\u0131n d\u00fc\u015fen Bat\u0131 Kalemun B\u00f6lgesinde I\u015e\u0130D\u2019i yok etmeye devam ettiklerini belirtti. Kaynak b\u00f6lgede 2364 metre y\u00fckseklikte olan ve b\u00fcy\u00fck bir stratejik \u00f6neme sahip bir tepenin yan\u0131 s\u0131ra bir\u00e7ok mevki ve noktan\u0131n I\u015e\u0130D\u2019ten kurtar\u0131l\u0131p kontrole al\u0131nd\u0131klar\u0131n\u0131 ifade etti.<\/p>\n<p>B\u00f6ylece Bat\u0131 Kalemun B\u00f6lgesinin t\u00fcm g\u00fcneyi ile birlikte radikal \u00f6rg\u00fct\u00fcn en \u00f6nemli mevki ve karargahlar\u0131n\u0131n ordu birliklerimizin ate\u015f kontrol\u00fcne d\u00fc\u015ft\u00fc\u011f\u00fcne dikkat \u00e7eken askeri kaynak; b\u00f6lgenin tamam\u0131n\u0131 I\u015e\u0130D2ten kurtarman\u0131n daha kolay oldu\u011funu kaydetti.<\/p>\n<p>Di\u011fer yandan askeri kaynak hava g\u00fc\u00e7lerimizin bug\u00fcn Bat\u0131 Kalemun\u2019da I\u015e\u0130D\u2019in bir\u00e7ok siper, karargah ve muhtelif t\u00fcr ara\u00e7lar\u0131n\u0131 muhtevalar\u0131yla imha ettiklerini belirtti.<\/p>\n<p><span style=\"color: #0000ff\">DEYREZZOR:<\/span><\/p>\n<p>\u00d6te yandan askeri bir kaynak Deyrezzor Kentinin kenarlar\u0131 Makabir B\u00f6lgesinde I\u015e\u0130D \u00e7eteleri ile \u015fiddetli \u00e7at\u0131\u015fmalara giren ordu birliklerimizin 7 ter\u00f6risti \u00f6l\u00fc, bir\u00e7ok ter\u00f6risti de yaral\u0131 d\u00fc\u015f\u00fcrd\u00fcklerini s\u00f6yledi. Kaynak Panorama, Rassafa, Urfi ve Huveyka semtlerinde de I\u015e\u0130D\u2019in mevki ve hareketlenmelerinin yo\u011fun top ate\u015fine tutuldu\u011funu kaydetti.<\/p>\n<p>Hava g\u00fc\u00e7lerimizin ise Deyrezzor\u2019da Meadden Atik, Tibni, Allu\u015f Tepesi, Serda Kav\u015fa\u011f\u0131, Makabir\u2019in civar\u0131 ve B\u011fayliye b\u00f6lgelerinde I\u015e\u0130D\u2019in siper, karargah ve ara\u00e7lar\u0131n\u0131 imha ettiklerini ifade eden askeri kaynak, operasyonlarda radikal \u00f6rg\u00fct\u00fcn ciddi kay\u0131plara u\u011frat\u0131ld\u0131klar\u0131n\u0131 s\u00f6yledi.<\/p>\n<p><span style=\"color: #0000ff\">HAMA:<\/span><\/p>\n<p>Bu arada askeri bir kaynak; hava g\u00fc\u00e7lerimizin bug\u00fcn Hama \u0130linin do\u011fusu Selemiye k\u0131rsal\u0131nda yer alan Cena el Ulbavi Beldesinde I\u015e\u0130D\u2019in karargah, mevki ve ara\u00e7lar\u0131n\u0131 imha ederek radikal \u00f6rg\u00fct\u00fc say\u0131 ve ekipmanlar\u0131yla ciddi kay\u0131plara u\u011fratt\u0131klar\u0131n\u0131 kaydetti.<\/p>\n<p><span style=\"color: #0000ff\">RAKKA:<\/span><\/p>\n<p>Askeri kaynak hava g\u00fc\u00e7lerimizin ayn\u0131 zamanda Rakka kentinin 70 km g\u00fcneydo\u011fusu Meddan Kentinde de I\u015e\u0130D\u2019in ara\u00e7, siper ve toplanma yerlerini imha ettiklerini ifade etti. Hava operasyonlar\u0131nda muhtelif t\u00fcr a\u011f\u0131r silahlarla donat\u0131lm\u0131\u015f ara\u00e7, siper ve karargahlar\u0131n yok edildi\u011fini belirten kaynak, \u00f6ld\u00fcr\u00fclen ter\u00f6ristlerin aras\u0131nda tehlikeli isimlerin bulundu\u011funa dikkat \u00e7ekti.<\/p>\n","protected":false},"excerpt":{"rendered":"<p>\u0130LLER \u2013 Muhtelif illerde ve b\u00f6lgelerde radikal ter\u00f6r \u00f6rg\u00fct\u00fc I\u015e\u0130D\u2019e kar\u015f\u0131 yeni ve \u00f6nemli ba\u015far\u0131lar kaydeden ordu birliklerimiz bu \u00e7eteleri ciddi kay\u0131plara u\u011fratarak kontrolleri alt\u0131ndaki b\u00f6lgeleri de geni\u015fletmeye devam etti. \u015eAM KIRSALI: Askeri bir kaynak ordu birliklerimizin L\u00fcbnan direni\u015f g\u00fc\u00e7leri ile i\u015fbirli\u011fi i\u00e7inde ba\u015fkent \u015eam\u2019\u0131n kuzey k\u0131rsal\u0131nda L\u00fcbnan s\u0131n\u0131rlar\u0131na yak\u0131n d\u00fc\u015fen Bat\u0131 Kalemun B\u00f6lgesinde I\u015e\u0130D\u2019i &hellip;<\/p>\n","protected":false},"author":1,"featured_media":122710,"comment_status":"closed","ping_status":"closed","sticky":false,"template":"","format":"standard","meta":{"footnotes":""},"categories":[479,575,17988,478],"tags":[31365,32085,31722,16436,2318,19984,32084,1247,32086,32083],"class_list":["post-122690","post","type-post","status-publish","format-standard","has-post-thumbnail","","category-haberler-yerel","category-olaylar-ve-gercekler","category-son-haberler","category-yerel","tag-bati-kalemun-bolgesinde","tag-deyrezzor-kentinin-kenarlari","tag-hama-ilinin-dogusu-selemiye-kirsalinda","tag-hava-guclerimizin","tag-isid","tag-lubnan-direnis-gucleri","tag-lubnan-sinirlarina-yakin","tag-ordu-birliklerimizin","tag-rakka-kentinin","tag-samin-kuzey-kirsalinda"],"_links":{"self":[{"href":"https:\/\/archive.sana.sy\/tr\/index.php?rest_route=\/wp\/v2\/posts\/122690","targetHints":{"allow":["GET"]}}],"collection":[{"href":"https:\/\/archive.sana.sy\/tr\/index.php?rest_route=\/wp\/v2\/posts"}],"about":[{"href":"https:\/\/archive.sana.sy\/tr\/index.php?rest_route=\/wp\/v2\/types\/post"}],"author":[{"embeddable":true,"href":"https:\/\/archive.sana.sy\/tr\/index.php?rest_route=\/wp\/v2\/users\/1"}],"replies":[{"embeddable":true,"href":"https:\/\/archive.sana.sy\/tr\/index.php?rest_route=%2Fwp%2Fv2%2Fcomments&post=122690"}],"version-history":[{"count":0,"href":"https:\/\/archive.sana.sy\/tr\/index.php?rest_route=\/wp\/v2\/posts\/122690\/revisions"}],"wp:featuredmedia":[{"embeddable":true,"href":"https:\/\/archive.sana.sy\/tr\/index.php?rest_route=\/wp\/v2\/media\/122710"}],"wp:attachment":[{"href":"https:\/\/archive.sana.sy\/tr\/index.php?rest_route=%2Fwp%2Fv2%2Fmedia&parent=122690"}],"wp:term":[{"taxonomy":"category","embeddable":true,"href":"https:\/\/archive.sana.sy\/tr\/index.php?rest_route=%2Fwp%2Fv2%2Fcategories&post=122690"},{"taxonomy":"post_tag","embeddable":true,"href":"https:\/\/archive.sana.sy\/tr\/index.php?rest_route=%2Fwp%2Fv2%2Ftags&post=122690"}],"curies":[{"name":"wp","href":"https:\/\/api.w.org\/{rel}","templated":true}]}}