{"id":12291,"date":"2014-10-03T22:41:39","date_gmt":"2014-10-03T19:41:39","guid":{"rendered":"http:\/\/www.sana.sy\/tr\/?p=12291"},"modified":"2014-10-05T13:49:18","modified_gmt":"2014-10-05T10:49:18","slug":"turkiye-hukumetinin-aleni-tutumu-egemen-bir-ulkeye-saldiridir","status":"publish","type":"post","link":"https:\/\/archive.sana.sy\/tr\/?p=12291","title":{"rendered":"T\u00fcrkiye Bu Politikalar\u0131n Do\u011furaca\u011f\u0131 Facia Tehlikesinden Uzak De\u011fildir"},"content":{"rendered":"<p>\u015eAM \u2013 D\u0131\u015fi\u015fleri ve Gurbet\u00e7iler Bakanl\u0131\u011f\u0131 T\u00fcrkiye h\u00fck\u00fcmetinin politika ve icraatlar\u0131 konusunda Birle\u015fmi\u015f Milletler genel sekreteri ve Uluslararas\u0131 G\u00fcvenlik Konseyi Ba\u015fkan\u0131na e\u015f iki mektup g\u00f6nderdi.<\/p>\n<p>SANA\u2019n\u0131n bir n\u00fcshas\u0131n\u0131 ald\u0131\u011f\u0131 mektubunda Bakanl\u0131k T\u00fcrkiye devlet ba\u015fkan\u0131 Recep Tayyip Erdo\u011fan\u2019\u0131n d\u00fcn Suriye&#8217;ye y\u00f6nelik politikas\u0131n\u0131n temel hedefinin Suriye y\u00f6netimini de\u011fi\u015ftirmek oldu\u011funu ilan etti\u011fine dikkat \u00e7ekti. Erdo\u011fan\u2019\u0131n bu ba\u011flamda h\u00fck\u00fcmetine Suriye&#8217;de askeri operasyonlarda bulunma yetkisi vermesi i\u00e7in T\u00fcrkiye parlamentosuna tezkere takdim etti\u011fine i\u015faret eden Bakanl\u0131k; Erdo\u011fan\u2019\u0131n \u2018ter\u00f6rle m\u00fccadele ve milli g\u00fcvenli\u011fi koruma\u2019 bahanesi alt\u0131nda T\u00fcrkiye&#8217;yi Suriye&#8217;ye y\u00f6nelik sald\u0131r\u0131 \u00fcss\u00fc haline getirdi\u011fini belirtti.<\/p>\n<p>Bakanl\u0131k T\u00fcrkiye h\u00fck\u00fcmetinin tutum ve icraatlar\u0131n\u0131n; BM\u2019nin kurucu \u00fcyelerinden biri olan egemen ve ba\u011f\u0131ms\u0131z bir devletin i\u00e7i\u015flerine m\u00fcdahaleyi yasak k\u0131lan BM misak\u0131na a\u00e7\u0131k, aleni ve \u00e7irkef bir ihlal te\u015fkil etti\u011fini vurgulad\u0131. Bakanl\u0131k T\u00fcrkiye h\u00fck\u00fcmetinin bu aleni tutumunun ayn\u0131 zamanda BM\u2019de \u00fcye ba\u011f\u0131ms\u0131z ve egemen bir devlete a\u00e7\u0131k bir sald\u0131r\u0131 te\u015fkil etti\u011fini ekledi.<\/p>\n<p>T\u00fcrkiye h\u00fck\u00fcmetinin Suriye&#8217;de mevcut krizin ba\u015f\u0131ndan beri istikrar ve g\u00fcvenli\u011fi sabote etmek, \u015fiddet ve kaosu provoke etmek amac\u0131yla elinden gelen her gayreti g\u00f6sterdi\u011fini belirten Bakanl\u0131k; T\u00fcrkiye h\u00fck\u00fcmetinin bu d\u00fc\u015fmanl\u0131\u011f\u0131n\u0131n yerine h\u00fcsn\u00fc civar ve iki karde\u015f halk aras\u0131ndaki tarihi ili\u015fkilerden hareketle Suriye&#8217;ye yard\u0131m elini uzatmas\u0131 gerekti\u011fini ifade etti. Bakanl\u0131k fakat ne yaz\u0131k ki Suriye&#8217;deki tekfirci ter\u00f6r \u00f6rg\u00fctleri ile ayn\u0131 radikal ideolojiye sahip T\u00fcrkiye h\u00fck\u00fcmetinin s\u00f6z konusu ter\u00f6r \u00f6rg\u00fctleri i\u00e7in T\u00fcrkiye&#8217;yi temel ikmal ve destek \u00fcss\u00fcne d\u00f6n\u00fc\u015ft\u00fcrd\u00fc\u011f\u00fcne dikkat \u00e7ekti.<\/p>\n<p>Bakanl\u0131k e\u015f iki mektubunda T\u00fcrkiye h\u00fck\u00fcmetinin d\u00fcnyan\u0131n 83\u2019ten fazla \u00fclkesinden gelen ter\u00f6ristlere askeri, lojistik, e\u011fitim, bar\u0131nak ve her t\u00fcrl\u00fc deste\u011fi takdim etmesiyle birlikte Suriye&#8217;ye giri\u015flerini kolayla\u015ft\u0131rd\u0131\u011f\u0131n\u0131 vurgulad\u0131. B\u00f6ylece T\u00fcrkiye&#8217;yi Suriye ve halk\u0131n\u0131 hedef alan ter\u00f6re temel bir \u00fcs haline getirdi\u011fini ifade eden Bakanl\u0131k; T\u00fcrkiye h\u00fck\u00fcmetinin Suriye\u2019de akan her damla kan\u0131n sorumlusu oldu\u011funu vurgulad\u0131. Bakanl\u0131k; ter\u00f6r \u00f6rg\u00fctlerine her t\u00fcrl\u00fc deste\u011fi sa\u011flamas\u0131 ve ter\u00f6r\u00fcn yay\u0131lmas\u0131ndan sorumlu olmas\u0131 nedeniyle T\u00fcrkiye h\u00fck\u00fcmetinin \u2018ter\u00f6rle m\u00fccadele\u2019 iddialar\u0131nda bulunmas\u0131n\u0131n m\u00fcmk\u00fcn olmad\u0131\u011f\u0131n\u0131 vurgulad\u0131.<\/p>\n<p>T\u00fcrkiye h\u00fck\u00fcmetinin Suriyelileri katletme, k\u00f6y ve \u015fehirlerini y\u0131kmakla yetinmedi\u011finin alt\u0131n\u0131 \u00e7izen Bakanl\u0131k; Suriyelilerin kanlar\u0131 ve al\u0131n terleriyle sa\u011flad\u0131klar\u0131 ba\u015far\u0131 ve kalk\u0131nmalar\u0131n\u0131 sabote etmeye \u00e7al\u0131\u015ft\u0131\u011f\u0131n\u0131 da belirtti. Bakanl\u0131k T\u00fcrkiye h\u00fck\u00fcmetinin ter\u00f6r \u00e7eteleri ve \u00f6rg\u00fctleri arac\u0131l\u0131\u011f\u0131 ile Suriye&#8217;deki sanayi kurumlar\u0131 ve fabrikalar\u0131 s\u00f6k\u00fcp ya\u011fmalad\u0131\u011f\u0131na dikkat \u00e7ekerken; ter\u00f6r \u00f6rg\u00fctleri arac\u0131l\u0131\u011f\u0131 ile Suriye&#8217;den \u00e7al\u0131nan ham petrol\u00fc sat\u0131n almas\u0131n\u0131n ter\u00f6r \u00f6rg\u00fctleri ve \u00e7eteleri ile T\u00fcrkiye y\u00f6netimi aras\u0131ndaki derin ba\u011flar\u0131n en bariz kan\u0131t\u0131n\u0131 te\u015fkil etti\u011fini vurgulad\u0131.<\/p>\n<p>D\u0131\u015fi\u015fleri ve Gurbet\u00e7iler Bakanl\u0131\u011f\u0131 mektubunda ayr\u0131ca \u00f6zellikle I\u015e\u0130D ve Nusra Cephesi ba\u015fta olmak \u00fczere ter\u00f6r \u00f6rg\u00fctleri ve \u00e7etelere her t\u00fcrl\u00fc deste\u011fi takdim eden ve etmeye devam eden T\u00fcrkiye h\u00fck\u00fcmetinin G\u00fcvenlik Konseyinin 2170 ve 2178 say\u0131l\u0131 kararlar\u0131n\u0131 a\u00e7\u0131k ve \u00e7irkef bir \u015fekilde ihlal etti\u011fini belirtti. Dolay\u0131s\u0131yla bu h\u00fck\u00fcmetin kesinlikle ve hi\u00e7bir \u015fekilde ter\u00f6rle m\u00fccadele etti\u011fini iddia edemeyece\u011fini belirten Bakanl\u0131k; temelde ter\u00f6r\u00fcn yay\u0131lmas\u0131nda b\u00fcy\u00fck bir katk\u0131 sa\u011flad\u0131\u011f\u0131n\u0131 s\u00f6yledi.<\/p>\n<p>Bakanl\u0131k Irak\u2019\u0131n Musul kentinde T\u00fcrk diplomatlar\u0131n rehine al\u0131n\u0131p serbest b\u0131rak\u0131lmalar\u0131 tiyatrosunun Adalet ve Kalk\u0131nma Partisi h\u00fck\u00fcmeti ile I\u015e\u0130D \u00e7eteleri aras\u0131ndaki ba\u011flant\u0131 ve ortakl\u0131\u011f\u0131n derinli\u011fini yans\u0131tt\u0131\u011f\u0131na dikkat \u00e7ekti.<\/p>\n<p>\u00d6l\u00fcm ve y\u0131k\u0131ma kar\u015f\u0131 kararl\u0131l\u0131k, azim ve fedakarl\u0131kla m\u00fccadele eden ve liderini se\u00e7imlerle yasal ve me\u015fru bir \u015fekilde belirleyen Suriye halk\u0131n\u0131n kendi gelece\u011fini ve y\u00f6netimini se\u00e7mede mutlak hakk\u0131na sahip olan yegane taraf oldu\u011funun alt\u0131n\u0131 \u00e7izen Bakanl\u0131k; bu halk\u0131n hi\u00e7bir \u015fekilde ne T\u00fcrkiye h\u00fck\u00fcmeti ne de ba\u015fkas\u0131na kendi i\u00e7 i\u015flerine m\u00fcdahale etmeye izin vermeyece\u011fini vurgulad\u0131.<\/p>\n<p>Bakanl\u0131k Suriye halk\u0131n\u0131n g\u00fcn\u00fcm\u00fczde her zamandan daha \u00e7ok kendi vatan\u0131n\u0131 ve haklar\u0131n\u0131 savunma kararl\u0131l\u0131\u011f\u0131nda oldu\u011funu, Suriye&#8217;nin halk ve toprak b\u00fct\u00fcnl\u00fc\u011f\u00fcn\u00fcn yan\u0131 s\u0131ra egemenli\u011fini ve ba\u011f\u0131ms\u0131z karar\u0131n\u0131 koruma azminde oldu\u011funun alt\u0131n\u0131 \u00e7izdi.<\/p>\n<p>D\u0131\u015fi\u015fleri ve Gurbet\u00e7iler Bakanl\u0131\u011f\u0131 T\u00fcrkiye h\u00fck\u00fcmetinin Suriye&#8217;ye kar\u015f\u0131 pervas\u0131z politikas\u0131 ve tutumlar\u0131n\u0131n Suriye&#8217;de kriz s\u00fcresinin uzamas\u0131yla birlikte Suriyeli kanlar\u0131n akmaya devam etmesinin sorumlusu oldu\u011funu belirtti. Bu politika ve tutumlar\u0131n b\u00f6lge ve d\u00fcnya g\u00fcvenlik bar\u0131\u015f\u0131na b\u00fcy\u00fck bir tehdit te\u015fkil etti\u011fine dikkat \u00e7eken Bakanl\u0131k; do\u011facak faciams\u0131 sonu\u00e7lardan T\u00fcrkiye&#8217;nin uzak olmayaca\u011f\u0131 uyar\u0131s\u0131nda bulundu.<\/p>\n<p>Bakanl\u0131k \u00f6zellikle G\u00fcvenlik Konseyi olmak \u00fczere uluslar aras\u0131 toplumun; b\u00f6lge ve uluslararas\u0131 g\u00fcvenlik istikrara ciddi bir tehlike te\u015fkil eden T\u00fcrkiye y\u00f6netiminin maceralar\u0131na s\u0131n\u0131r koymak i\u00e7in derhal harekete ge\u00e7mesi gere\u011finin alt\u0131n\u0131 \u00e7izdi. Mektupta Ankara\u2019n\u0131n bu tutumlar\u0131ndan cayd\u0131r\u0131lmas\u0131 amac\u0131yla G\u00fcvenlik Konseyi ve t\u00fcm uluslar aras\u0131 toplumun birlik i\u00e7inde etkin, sorumlu ve ciddi bir tutum almas\u0131, Ankara\u2019y\u0131 y\u0131k\u0131c\u0131 icraatlar\u0131na son vermeye zorlamas\u0131 gerekti\u011fi vurgulan\u0131rken; ayn\u0131 zamanda T\u00fcrkiye otoritelerinin ter\u00f6r \u00f6rg\u00fctlerine s\u0131n\u0131rs\u0131z deste\u011fini kesmekle birlikte Suriye\u2019nin i\u00e7i\u015flerine m\u00fcdahaleyi durdurmaya zorlamas\u0131 gere\u011finin alt\u0131 \u00e7izildi.<\/p>\n","protected":false},"excerpt":{"rendered":"<p>\u015eAM \u2013 D\u0131\u015fi\u015fleri ve Gurbet\u00e7iler Bakanl\u0131\u011f\u0131 T\u00fcrkiye h\u00fck\u00fcmetinin politika ve icraatlar\u0131 konusunda Birle\u015fmi\u015f Milletler genel sekreteri ve Uluslararas\u0131 G\u00fcvenlik Konseyi Ba\u015fkan\u0131na e\u015f iki mektup g\u00f6nderdi. SANA\u2019n\u0131n bir n\u00fcshas\u0131n\u0131 ald\u0131\u011f\u0131 mektubunda Bakanl\u0131k T\u00fcrkiye devlet ba\u015fkan\u0131 Recep Tayyip Erdo\u011fan\u2019\u0131n d\u00fcn Suriye&#8217;ye y\u00f6nelik politikas\u0131n\u0131n temel hedefinin Suriye y\u00f6netimini de\u011fi\u015ftirmek oldu\u011funu ilan etti\u011fine dikkat \u00e7ekti. Erdo\u011fan\u2019\u0131n bu ba\u011flamda h\u00fck\u00fcmetine &hellip;<\/p>\n","protected":false},"author":1,"featured_media":12292,"comment_status":"closed","ping_status":"closed","sticky":false,"template":"","format":"standard","meta":{"footnotes":""},"categories":[479,2554,2555,478],"tags":[3054,3053,3052],"class_list":["post-12291","post","type-post","status-publish","format-standard","has-post-thumbnail","","category-haberler-yerel","category-suriye-ve-dunya","category-suriye-ve-turkiye","category-yerel","tag-ankarayi-yikici-icraatlarina-son-vermeye-zorlamasi-gerektigi-vurgulanirken-ayni-zamanda-turkiye-otoritelerinin-teror-orgutlerine-sinirsiz-destegini-kesmekle-birlikte-suriyenin-icislerine-mu","tag-sorumlu-ve-ciddi-bir-tutum-almasi","tag-turkiye-hukumetinin-aleni-tutumu-egemen-bir-ulkeye-saldiridir-sam-disisleri-ve-gurbetciler-bakanligi-turkiye-hukumetinin-politika-ve-icraatlari-konusunda-birlesmis-milletler-genel-sekreteri"],"_links":{"self":[{"href":"https:\/\/archive.sana.sy\/tr\/index.php?rest_route=\/wp\/v2\/posts\/12291","targetHints":{"allow":["GET"]}}],"collection":[{"href":"https:\/\/archive.sana.sy\/tr\/index.php?rest_route=\/wp\/v2\/posts"}],"about":[{"href":"https:\/\/archive.sana.sy\/tr\/index.php?rest_route=\/wp\/v2\/types\/post"}],"author":[{"embeddable":true,"href":"https:\/\/archive.sana.sy\/tr\/index.php?rest_route=\/wp\/v2\/users\/1"}],"replies":[{"embeddable":true,"href":"https:\/\/archive.sana.sy\/tr\/index.php?rest_route=%2Fwp%2Fv2%2Fcomments&post=12291"}],"version-history":[{"count":0,"href":"https:\/\/archive.sana.sy\/tr\/index.php?rest_route=\/wp\/v2\/posts\/12291\/revisions"}],"wp:featuredmedia":[{"embeddable":true,"href":"https:\/\/archive.sana.sy\/tr\/index.php?rest_route=\/wp\/v2\/media\/12292"}],"wp:attachment":[{"href":"https:\/\/archive.sana.sy\/tr\/index.php?rest_route=%2Fwp%2Fv2%2Fmedia&parent=12291"}],"wp:term":[{"taxonomy":"category","embeddable":true,"href":"https:\/\/archive.sana.sy\/tr\/index.php?rest_route=%2Fwp%2Fv2%2Fcategories&post=12291"},{"taxonomy":"post_tag","embeddable":true,"href":"https:\/\/archive.sana.sy\/tr\/index.php?rest_route=%2Fwp%2Fv2%2Ftags&post=12291"}],"curies":[{"name":"wp","href":"https:\/\/api.w.org\/{rel}","templated":true}]}}