{"id":12296,"date":"2014-10-03T17:21:35","date_gmt":"2014-10-03T14:21:35","guid":{"rendered":"http:\/\/www.sana.sy\/tr\/?p=12296"},"modified":"2014-10-03T17:21:35","modified_gmt":"2014-10-03T14:21:35","slug":"turkiye-hukumetinin-suriyede-akan-her-damla-kanin-sorumlusu-oldugunu-belirten-bakanlik-bunun-yani-sira-teror-orgutlerine-her-turlu-destegi-saglamasi-ve-terorun-yayilmasindan-sorumlu-olmasi-nedeniyl","status":"publish","type":"post","link":"https:\/\/archive.sana.sy\/tr\/?p=12296","title":{"rendered":"T\u00fcrkiye h\u00fck\u00fcmetinin Suriye&#8217;de akan her damla kan\u0131n sorumlusu oldu\u011funu belirten Bakanl\u0131k; bunun yan\u0131 s\u0131ra ter\u00f6r \u00f6rg\u00fctlerine her t\u00fcrl\u00fc deste\u011fi sa\u011flamas\u0131 ve ter\u00f6r\u00fcn yay\u0131lmas\u0131ndan sorumlu olmas\u0131 nedeniyle Ankara\u2019n\u0131n \u2018ter\u00f6rle m\u00fccadele\u2019 iddialar\u0131nda bulunmas\u0131n\u0131n m\u00fcmk\u00fcn olmad\u0131\u011f\u0131n\u0131 vurgulad\u0131."},"content":{"rendered":"<p>T\u00fcrkiye h\u00fck\u00fcmetinin Suriye&#8217;de akan her damla kan\u0131n sorumlusu oldu\u011funu belirten Bakanl\u0131k; bunun yan\u0131 s\u0131ra ter\u00f6r \u00f6rg\u00fctlerine her t\u00fcrl\u00fc deste\u011fi sa\u011flamas\u0131 ve ter\u00f6r\u00fcn yay\u0131lmas\u0131ndan sorumlu olmas\u0131 nedeniyle Ankara\u2019n\u0131n \u2018ter\u00f6rle m\u00fccadele\u2019 iddialar\u0131nda bulunmas\u0131n\u0131n m\u00fcmk\u00fcn olmad\u0131\u011f\u0131n\u0131 vurgulad\u0131.<\/p>\n","protected":false},"excerpt":{"rendered":"<p>T\u00fcrkiye h\u00fck\u00fcmetinin Suriye&#8217;de akan her damla kan\u0131n sorumlusu oldu\u011funu belirten Bakanl\u0131k; bunun yan\u0131 s\u0131ra ter\u00f6r \u00f6rg\u00fctlerine her t\u00fcrl\u00fc deste\u011fi sa\u011flamas\u0131 ve ter\u00f6r\u00fcn yay\u0131lmas\u0131ndan sorumlu olmas\u0131 nedeniyle Ankara\u2019n\u0131n \u2018ter\u00f6rle m\u00fccadele\u2019 iddialar\u0131nda bulunmas\u0131n\u0131n m\u00fcmk\u00fcn olmad\u0131\u011f\u0131n\u0131 vurgulad\u0131.<\/p>\n","protected":false},"author":1,"featured_media":0,"comment_status":"closed","ping_status":"closed","sticky":false,"template":"","format":"standard","meta":{"footnotes":""},"categories":[1],"tags":[3055],"class_list":["post-12296","post","type-post","status-publish","format-standard","","category-news-not-sorted","tag-turkiye-hukumetinin-suriyede-akan-her-damla-kanin-sorumlusu-oldugunu-belirten-bakanlik-bunun-yani-sira-teror-orgutlerine-her-turlu-destegi-saglamasi-ve-terorun-yayilmasindan-sorumlu-olmasi-nedeniyle"],"_links":{"self":[{"href":"https:\/\/archive.sana.sy\/tr\/index.php?rest_route=\/wp\/v2\/posts\/12296","targetHints":{"allow":["GET"]}}],"collection":[{"href":"https:\/\/archive.sana.sy\/tr\/index.php?rest_route=\/wp\/v2\/posts"}],"about":[{"href":"https:\/\/archive.sana.sy\/tr\/index.php?rest_route=\/wp\/v2\/types\/post"}],"author":[{"embeddable":true,"href":"https:\/\/archive.sana.sy\/tr\/index.php?rest_route=\/wp\/v2\/users\/1"}],"replies":[{"embeddable":true,"href":"https:\/\/archive.sana.sy\/tr\/index.php?rest_route=%2Fwp%2Fv2%2Fcomments&post=12296"}],"version-history":[{"count":0,"href":"https:\/\/archive.sana.sy\/tr\/index.php?rest_route=\/wp\/v2\/posts\/12296\/revisions"}],"wp:attachment":[{"href":"https:\/\/archive.sana.sy\/tr\/index.php?rest_route=%2Fwp%2Fv2%2Fmedia&parent=12296"}],"wp:term":[{"taxonomy":"category","embeddable":true,"href":"https:\/\/archive.sana.sy\/tr\/index.php?rest_route=%2Fwp%2Fv2%2Fcategories&post=12296"},{"taxonomy":"post_tag","embeddable":true,"href":"https:\/\/archive.sana.sy\/tr\/index.php?rest_route=%2Fwp%2Fv2%2Ftags&post=12296"}],"curies":[{"name":"wp","href":"https:\/\/api.w.org\/{rel}","templated":true}]}}