{"id":12301,"date":"2014-10-03T20:26:13","date_gmt":"2014-10-03T17:26:13","guid":{"rendered":"http:\/\/www.sana.sy\/tr\/?p=12301"},"modified":"2014-10-04T23:15:01","modified_gmt":"2014-10-04T20:15:01","slug":"turkiye-hukumetinin-terorle-mucadele-iddiasinda-bulunmasi-imkansizdir","status":"publish","type":"post","link":"https:\/\/archive.sana.sy\/tr\/?p=12301","title":{"rendered":"T\u00fcrkiye H\u00fck\u00fcmetinin Ter\u00f6rle M\u00fccadele \u0130ddias\u0131nda Bulunmas\u0131 \u0130mkans\u0131zd\u0131r"},"content":{"rendered":"<p>\u015eAM &#8211; D\u0131\u015fi\u015fleri ve Gurbet\u00e7iler Bakanl\u0131\u011f\u0131 bug\u00fcn \u00f6\u011fleden sonra ba\u015fkent \u015eam\u2019da mutemet Arap ve yapanc\u0131 b\u00fcy\u00fckel\u00e7iler ve diplomatik heyet ba\u015fkanlar\u0131n\u0131 bakanl\u0131\u011fa \u00e7a\u011f\u0131rarak T\u00fcrkiye h\u00fck\u00fcmetinin izledi\u011fi d\u00fc\u015fmanc\u0131 politikalar\u0131n verileri ve tehlikelerine \u0131\u015f\u0131k tuttu.<\/p>\n<p>B\u00fcy\u00fckel\u00e7iler ve diplomatik heyet ba\u015fkanlar\u0131yla bir araya gelen D\u0131\u015fi\u015fleri ve Gurbet\u00e7iler Bakan\u0131 Yard\u0131mc\u0131s\u0131 Faysal Mikdat T\u00fcrkiye h\u00fck\u00fcmetinin izledi\u011fi politikan\u0131n, Suriye&#8217;nin i\u00e7i\u015flerine \u00e7irkef bir m\u00fcdahalenin yan\u0131 s\u0131ra, devletlerin ulusal egemenli\u011fine sayg\u0131 duyma ve i\u00e7i\u015flerine m\u00fcdahale etmemeyi \u00f6ng\u00f6ren BM misak\u0131na a\u00e7\u0131k bir ihlal te\u015fkil etti\u011finin alt\u0131n\u0131 \u00e7izdi.<\/p>\n<p>T\u00fcrkiye otoritelerinin ald\u0131\u011f\u0131 karar\u0131n Suriye ve halk\u0131na y\u00f6nelik vas\u0131fland\u0131r\u0131lm\u0131\u015f bir sald\u0131r\u0131 niteli\u011finde oldu\u011funu ifade eden Mikdat; \u00f6zellikle I\u015e\u0130D ve Nusra Cephesi ba\u015fta olmak \u00fczere t\u00fcm silahl\u0131 ter\u00f6r \u00f6rg\u00fctlere askeri, mali, lojistik ve her t\u00fcrl\u00fc deste\u011fi takdim etmeye devam eden T\u00fcrkiye h\u00fck\u00fcmeti politikas\u0131n\u0131n bir devam\u0131 oldu\u011funun alt\u0131n\u0131 \u00e7izdi. Mikdat bunun da G\u00fcvenlik Konseyinin 2170 ve 2178 say\u0131l\u0131 kararlar\u0131na da ayk\u0131r\u0131 d\u00fc\u015ft\u00fc\u011f\u00fcn\u00fc vurgulad\u0131.<\/p>\n<p>T\u00fcrkiye h\u00fck\u00fcmetinin Suriye&#8217;deki ter\u00f6re temel destek \u00fcss\u00fc te\u015fkil etti\u011fini ve ter\u00f6r faaliyetlerinin geni\u015fleyip yay\u0131lmas\u0131na b\u00fcy\u00fck katk\u0131 sa\u011flad\u0131\u011f\u0131n\u0131 vurgulayan Mikdat; dolay\u0131s\u0131yla bu h\u00fck\u00fcmetin ter\u00f6rle m\u00fccadelede ortak oldu\u011fu iddialar\u0131nda bulunmas\u0131n\u0131n m\u00fcmk\u00fcn olmad\u0131\u011f\u0131na dikkat \u00e7ekti.<\/p>\n<p>Mikdat T\u00fcrkiye h\u00fck\u00fcmetinin pervas\u0131z politikalar\u0131 ve Suriye&#8217;ye y\u00f6nelik aleni d\u00fc\u015fmanl\u0131\u011f\u0131n\u0131n Suriye&#8217;de kriz s\u00fcresinin uzamas\u0131 ve kanlar\u0131n ak\u0131t\u0131lmas\u0131na devam edilmesine katk\u0131 sa\u011flad\u0131\u011f\u0131n\u0131 belirtti. T\u00fcrkiye h\u00fck\u00fcmetinin bu politikalar\u0131n\u0131n ayr\u0131ca b\u00f6lge ve d\u00fcnya g\u00fcvenlik istikrar\u0131na da b\u00fcy\u00fck bir tehdit te\u015fkil etti\u011fini ifade eden Mikdat; T\u00fcrkiye&#8217;nin bu politikalar\u0131n neden olaca\u011f\u0131 facialar\u0131n tehlikesinden uzak olmayaca\u011f\u0131 uyar\u0131s\u0131nda bulundu.<\/p>\n<p>Mikdat t\u00fcm bunlar\u0131n \u0131\u015f\u0131\u011f\u0131nda ba\u015fta G\u00fcvenlik Konseyi olmak \u00fczere t\u00fcm uluslar aras\u0131 toplumun T\u00fcrkiye h\u00fck\u00fcmetinin bu politikalar\u0131na son verme, y\u0131k\u0131c\u0131 tutumlar\u0131n\u0131 durdurmas\u0131 ve uluslar aras\u0131 karar ve misaka ba\u011fl\u0131 kalmaya zorlanmas\u0131 amac\u0131yla etkin, kararl\u0131, sorumlu ve ciddi bir tutum tak\u0131nmalar\u0131n\u0131n zorunlulu\u011funa vurgu yapt\u0131. Mikdat T\u00fcrkiye h\u00fck\u00fcmetinin I\u015e\u0130D, Nusra Cephesi ve di\u011fer ter\u00f6r \u00f6rg\u00fctlere deste\u011fini kesmeye, Suriye&#8217;nin i\u00e7i\u015flerine m\u00fcdahaleye son vermeye zorlanmas\u0131 gere\u011finin alt\u0131n\u0131 \u00e7izdi.<br \/>\nB\u00fcy\u00fckel\u00e7iler ve diplomatik heyet ba\u015fkanlar\u0131n\u0131n \u00fclkelerinin y\u00f6netimlerini T\u00fcrkiye h\u00fck\u00fcmetinin son olarak bulundu\u011fu t\u0131rmand\u0131rma konusunda bilgilendirmelerini talep eden Mikdat; bu t\u0131rmand\u0131rman\u0131n tehlikeli sonu\u00e7lar\u0131, b\u00f6lge ve d\u00fcnya g\u00fcvenli\u011fine olu\u015fturdu\u011fu tehdide \u0131\u015f\u0131k tutmalar\u0131na \u00e7a\u011f\u0131rd\u0131.<\/p>\n<p>Mikdat; ter\u00f6re kar\u015f\u0131 efsanevi bir m\u00fccadele veren ve cumhurba\u015fkanl\u0131\u011f\u0131 se\u00e7imleriyle se\u00e7imini kararl\u0131l\u0131kla yapan Suriye halk\u0131n\u0131n kendi gelece\u011fini ve liderini se\u00e7me hakk\u0131na sahip olan yegane taraf oldu\u011funu, bu hakk\u0131n sadece ve sadece kendisine ait oldu\u011funun alt\u0131n\u0131 \u00e7izdi.<\/p>\n<p>G\u00f6r\u00fc\u015fmede \u00e7ok say\u0131da b\u00fcy\u00fckel\u00e7i Suriye&#8217;nin tutumuna takdirlerini ifade ederken; ter\u00f6rle m\u00fccadelenin uluslar aras\u0131 kanun ve misak kapsam\u0131nda olmas\u0131n\u0131n gere\u011fini belirtti. Devletlerin egemenli\u011fine sayg\u0131 duyulmas\u0131 ve i\u00e7i\u015flerine m\u00fcdahale edilmemesi \u00f6neminin alt\u0131n\u0131 \u00e7izen b\u00fcy\u00fckel\u00e7iler, T\u00fcrkiye h\u00fck\u00fcmetinin tutum ve politikalar\u0131na kar\u015f\u0131 ba\u011flay\u0131c\u0131 bir tutum sergilenmesi gere\u011fine vurgu yapt\u0131lar.<\/p>\n<p>Bu arada T\u00fcrkiye Parlamentosu bug\u00fcn T\u00fcrk ordusuna Irak ve Suriye&#8217;de \u2018Irak ve \u015eam \u0130slami Devleti I\u015e\u0130D\u2019e kar\u015f\u0131 operasyon d\u00fczenlemeye izin veren AKP h\u00fck\u00fcmetinin bir karar\u0131n\u0131 onaylam\u0131\u015ft\u0131.<\/p>\n","protected":false},"excerpt":{"rendered":"<p>\u015eAM &#8211; D\u0131\u015fi\u015fleri ve Gurbet\u00e7iler Bakanl\u0131\u011f\u0131 bug\u00fcn \u00f6\u011fleden sonra ba\u015fkent \u015eam\u2019da mutemet Arap ve yapanc\u0131 b\u00fcy\u00fckel\u00e7iler ve diplomatik heyet ba\u015fkanlar\u0131n\u0131 bakanl\u0131\u011fa \u00e7a\u011f\u0131rarak T\u00fcrkiye h\u00fck\u00fcmetinin izledi\u011fi d\u00fc\u015fmanc\u0131 politikalar\u0131n verileri ve tehlikelerine \u0131\u015f\u0131k tuttu. B\u00fcy\u00fckel\u00e7iler ve diplomatik heyet ba\u015fkanlar\u0131yla bir araya gelen D\u0131\u015fi\u015fleri ve Gurbet\u00e7iler Bakan\u0131 Yard\u0131mc\u0131s\u0131 Faysal Mikdat T\u00fcrkiye h\u00fck\u00fcmetinin izledi\u011fi politikan\u0131n, Suriye&#8217;nin i\u00e7i\u015flerine \u00e7irkef bir &hellip;<\/p>\n","protected":false},"author":1,"featured_media":12302,"comment_status":"closed","ping_status":"closed","sticky":false,"template":"","format":"standard","meta":{"footnotes":""},"categories":[479,2554,2555,478],"tags":[3056],"class_list":["post-12301","post","type-post","status-publish","format-standard","has-post-thumbnail","","category-haberler-yerel","category-suriye-ve-dunya","category-suriye-ve-turkiye","category-yerel","tag-turkiye-hukumetinin-terorle-mucadele-iddiasinda-bulunmasi-imkansizdir"],"_links":{"self":[{"href":"https:\/\/archive.sana.sy\/tr\/index.php?rest_route=\/wp\/v2\/posts\/12301","targetHints":{"allow":["GET"]}}],"collection":[{"href":"https:\/\/archive.sana.sy\/tr\/index.php?rest_route=\/wp\/v2\/posts"}],"about":[{"href":"https:\/\/archive.sana.sy\/tr\/index.php?rest_route=\/wp\/v2\/types\/post"}],"author":[{"embeddable":true,"href":"https:\/\/archive.sana.sy\/tr\/index.php?rest_route=\/wp\/v2\/users\/1"}],"replies":[{"embeddable":true,"href":"https:\/\/archive.sana.sy\/tr\/index.php?rest_route=%2Fwp%2Fv2%2Fcomments&post=12301"}],"version-history":[{"count":0,"href":"https:\/\/archive.sana.sy\/tr\/index.php?rest_route=\/wp\/v2\/posts\/12301\/revisions"}],"wp:featuredmedia":[{"embeddable":true,"href":"https:\/\/archive.sana.sy\/tr\/index.php?rest_route=\/wp\/v2\/media\/12302"}],"wp:attachment":[{"href":"https:\/\/archive.sana.sy\/tr\/index.php?rest_route=%2Fwp%2Fv2%2Fmedia&parent=12301"}],"wp:term":[{"taxonomy":"category","embeddable":true,"href":"https:\/\/archive.sana.sy\/tr\/index.php?rest_route=%2Fwp%2Fv2%2Fcategories&post=12301"},{"taxonomy":"post_tag","embeddable":true,"href":"https:\/\/archive.sana.sy\/tr\/index.php?rest_route=%2Fwp%2Fv2%2Ftags&post=12301"}],"curies":[{"name":"wp","href":"https:\/\/api.w.org\/{rel}","templated":true}]}}