{"id":123024,"date":"2017-08-25T10:34:42","date_gmt":"2017-08-25T07:34:42","guid":{"rendered":"http:\/\/www.sana.sy\/tr\/?p=123024"},"modified":"2017-08-26T14:17:40","modified_gmt":"2017-08-26T11:17:40","slug":"sevdigi-kiza-fuarda-evlilik-teklif-etti-video","status":"publish","type":"post","link":"https:\/\/archive.sana.sy\/tr\/?p=123024","title":{"rendered":"Sevdi\u011fi K\u0131za Fuarda Evlilik Teklif Etti (video)"},"content":{"rendered":"<p>\u015eAM \u2013 Homslu iki gen\u00e7; Suriyelilerin yedi y\u0131la yak\u0131n s\u00fcredir \u00e7ektikleri b\u00fcy\u00fck ac\u0131lardan sonra zafer ve normal hayat\u0131n ba\u015flang\u0131\u00e7 g\u00f6stergesi olarak nitelendirdikleri Uluslararas\u0131 \u015eam Fuar\u0131nda sevgilerini \u00f6l\u00fcms\u00fczle\u015ftirdi.<\/p>\n<p>Muhammed el Sufi sevdi\u011fi k\u0131z Safa Halluf\u2019a fuarda s\u00fcrpriz yapmak istedi\u011fini ve bu muazzam faaliyet i\u00e7inde halk kitlelerinin \u00f6n\u00fcnde sevgisini ifade etmek istedi\u011fini belirtti. Sufi; yedi y\u0131la yak\u0131n s\u00fcredir ya\u015fanan ac\u0131lar\u0131n bitece\u011fini ifade eden fuarda geri kalan hayat\u0131n\u0131n orta\u011f\u0131 olacak a\u015fk\u0131na sevgisini \u00f6l\u00fcms\u00fczle\u015ftirmek i\u00e7in Homs Kentinden fuara geldi\u011fini kaydetti.<\/p>\n<p>Halluf ise bunun tamamen bir s\u00fcrpriz oldu\u011funu, mutlulu\u011fundan ne diyece\u011fini bilemedi\u011fini ifade ederken, fuar ve bug\u00fcn\u00fc ya\u015fam\u0131n\u0131n son g\u00fcn\u00fcne dek hat\u0131rlayaca\u011f\u0131n\u0131 s\u00f6yledi. Ayn\u0131 zamanda bu evlilik teklifinin kendisi i\u00e7in en l\u00fcks saraylarda ya da mekanlarda yap\u0131lacak evlilik tekliflerinden \u00e7ok daha de\u011ferli oldu\u011funa i\u015faret etti.<\/p>\n<p>https:\/\/www.youtube.com\/watch?v=gUU2gjjHf4U<\/p>\n","protected":false},"excerpt":{"rendered":"<p>\u015eAM \u2013 Homslu iki gen\u00e7; Suriyelilerin yedi y\u0131la yak\u0131n s\u00fcredir \u00e7ektikleri b\u00fcy\u00fck ac\u0131lardan sonra zafer ve normal hayat\u0131n ba\u015flang\u0131\u00e7 g\u00f6stergesi olarak nitelendirdikleri Uluslararas\u0131 \u015eam Fuar\u0131nda sevgilerini \u00f6l\u00fcms\u00fczle\u015ftirdi. Muhammed el Sufi sevdi\u011fi k\u0131z Safa Halluf\u2019a fuarda s\u00fcrpriz yapmak istedi\u011fini ve bu muazzam faaliyet i\u00e7inde halk kitlelerinin \u00f6n\u00fcnde sevgisini ifade etmek istedi\u011fini belirtti. Sufi; yedi y\u0131la yak\u0131n &hellip;<\/p>\n","protected":false},"author":1,"featured_media":123026,"comment_status":"closed","ping_status":"closed","sticky":false,"template":"","format":"standard","meta":{"footnotes":""},"categories":[526,541,479,17988,525,538,478],"tags":[32151,6209,31530],"class_list":["post-123024","post","type-post","status-publish","format-standard","has-post-thumbnail","","category-haber-ve-raporlar","category-haberler","category-haberler-yerel","category-son-haberler","category-toplum","category-yasam","category-yerel","tag-homslu-iki-genc","tag-suriyelilerin","tag-uluslararasi-sam-fuarinda"],"_links":{"self":[{"href":"https:\/\/archive.sana.sy\/tr\/index.php?rest_route=\/wp\/v2\/posts\/123024","targetHints":{"allow":["GET"]}}],"collection":[{"href":"https:\/\/archive.sana.sy\/tr\/index.php?rest_route=\/wp\/v2\/posts"}],"about":[{"href":"https:\/\/archive.sana.sy\/tr\/index.php?rest_route=\/wp\/v2\/types\/post"}],"author":[{"embeddable":true,"href":"https:\/\/archive.sana.sy\/tr\/index.php?rest_route=\/wp\/v2\/users\/1"}],"replies":[{"embeddable":true,"href":"https:\/\/archive.sana.sy\/tr\/index.php?rest_route=%2Fwp%2Fv2%2Fcomments&post=123024"}],"version-history":[{"count":0,"href":"https:\/\/archive.sana.sy\/tr\/index.php?rest_route=\/wp\/v2\/posts\/123024\/revisions"}],"wp:featuredmedia":[{"embeddable":true,"href":"https:\/\/archive.sana.sy\/tr\/index.php?rest_route=\/wp\/v2\/media\/123026"}],"wp:attachment":[{"href":"https:\/\/archive.sana.sy\/tr\/index.php?rest_route=%2Fwp%2Fv2%2Fmedia&parent=123024"}],"wp:term":[{"taxonomy":"category","embeddable":true,"href":"https:\/\/archive.sana.sy\/tr\/index.php?rest_route=%2Fwp%2Fv2%2Fcategories&post=123024"},{"taxonomy":"post_tag","embeddable":true,"href":"https:\/\/archive.sana.sy\/tr\/index.php?rest_route=%2Fwp%2Fv2%2Ftags&post=123024"}],"curies":[{"name":"wp","href":"https:\/\/api.w.org\/{rel}","templated":true}]}}