{"id":12310,"date":"2014-10-03T22:46:18","date_gmt":"2014-10-03T19:46:18","guid":{"rendered":"http:\/\/www.sana.sy\/tr\/?p=12310"},"modified":"2014-10-03T22:46:18","modified_gmt":"2014-10-03T19:46:18","slug":"turkiye-iraka-askeri-birlik-gonderme-kararindan-vazgecmelidir","status":"publish","type":"post","link":"https:\/\/archive.sana.sy\/tr\/?p=12310","title":{"rendered":"T\u00fcrkiye Irak\u2019a Askeri Birlik G\u00f6nderme Karar\u0131ndan Vazge\u00e7melidir"},"content":{"rendered":"<p>BA\u011eDAT \u2013 Irak Ba\u015fkan\u0131 Yard\u0131mc\u0131s\u0131 Nuri el Maliki, T\u00fcrkiye\u2019den Irak\u2019a kara kuvvetler birliklerini g\u00f6nderme karar\u0131ndan vazge\u00e7mesini talep etti.<br \/>\nMaliki bug\u00fcn yay\u0131nlad\u0131\u011f\u0131 ve Irak Bas\u0131n\u0131nda geni\u015f yer alan beyan\u0131nda, s\u00f6z konusu karar\u0131n Irak\u2019\u0131n ulusal egemenli\u011fine y\u00f6nelik me\u015fru olmayan bir ihlal te\u015fkil etti\u011finin alt\u0131n\u0131 \u00e7izdi.<\/p>\n<p>T\u00fcrkiye\u2019nin ulusal egemenlik ile ilgili kar\u015f\u0131l\u0131kl\u0131 sayg\u0131 ilkesini korumas\u0131 gere\u011fine dikkat \u00e7eken Maliki;\u00a0 T\u00fcrkiye parlamentosunu Irak\u2019a karadan askeri birlik g\u00f6nderme karar\u0131ndan vazge\u00e7meye \u00e7a\u011f\u0131rd\u0131.<\/p>\n<p>Irak H\u00fck\u00fcmetine, Irak topraklar\u0131na T\u00fcrkiye ya da ba\u015fka herhangi bir \u00fclkeden askeri g\u00fc\u00e7 gelmesini net ve a\u00e7\u0131k bir \u015fekilde reddeden kararlar almas\u0131 \u00e7a\u011fr\u0131s\u0131nda bulunan Maliki; Irak\u2019\u0131n ulusal egemenli\u011finin uluslararas\u0131 ili\u015fkilerde k\u0131rm\u0131z\u0131\u00e7izgiyi te\u015fkil etti\u011fini ve bu \u00e7izginin a\u015f\u0131lmas\u0131na izin verilmeyece\u011fini belirtti.<\/p>\n<p>Hat\u0131rlanaca\u011f\u0131 \u00fczere T\u00fcrkiye Parlamentosu d\u00fcn yapt\u0131\u011f\u0131 bir toplant\u0131da h\u00fck\u00fcmetin, T\u00fcrk Ordrusunun Suriye ve Irak topraklar\u0131nda I\u015e\u0130D\u2019e kar\u015f\u0131 operasyon d\u00fczenlemesini onaylayan karar tasar\u0131s\u0131n\u0131 onaylam\u0131\u015ft\u0131.<\/p>\n<p>T\u00fcrkiye h\u00fck\u00fcmetinin Suriye ve Irak\u2019da katliamlar d\u00fczenleyen silahl\u0131 ter\u00f6r gruplar\u0131na finans ve silah deste\u011fi verdi\u011finin g\u00fcn \u0131\u015f\u0131\u011f\u0131na \u00e7\u0131kmas\u0131ndan sonra b\u00f6yle bir karar\u0131n al\u0131nmas\u0131 dikkat \u00e7ekici oldu.<\/p>\n","protected":false},"excerpt":{"rendered":"<p>BA\u011eDAT \u2013 Irak Ba\u015fkan\u0131 Yard\u0131mc\u0131s\u0131 Nuri el Maliki, T\u00fcrkiye\u2019den Irak\u2019a kara kuvvetler birliklerini g\u00f6nderme karar\u0131ndan vazge\u00e7mesini talep etti. Maliki bug\u00fcn yay\u0131nlad\u0131\u011f\u0131 ve Irak Bas\u0131n\u0131nda geni\u015f yer alan beyan\u0131nda, s\u00f6z konusu karar\u0131n Irak\u2019\u0131n ulusal egemenli\u011fine y\u00f6nelik me\u015fru olmayan bir ihlal te\u015fkil etti\u011finin alt\u0131n\u0131 \u00e7izdi. T\u00fcrkiye\u2019nin ulusal egemenlik ile ilgili kar\u015f\u0131l\u0131kl\u0131 sayg\u0131 ilkesini korumas\u0131 gere\u011fine dikkat \u00e7eken &hellip;<\/p>\n","protected":false},"author":1,"featured_media":12311,"comment_status":"closed","ping_status":"closed","sticky":false,"template":"","format":"standard","meta":{"footnotes":""},"categories":[458,459,447],"tags":[3060,3059,3061,3057,3058],"class_list":["post-12310","post","type-post","status-publish","format-standard","has-post-thumbnail","","category-dunya1","category-haberler-arap-uluslararasi-politika","category-politika","tag-irak-topraklarina-turkiye-ya-da-baska-herhangi-bir-ulkeden-askeri-guc-gelmesini-net-ve-acik-bir-sekilde-reddeden-kararlar-almasi-cagrisinda-bulunan-maliki-irakin-ulusal-egemenliginin-uluslar","tag-soz-konusu-kararin-irakin-ulusal-egemenligine-yonelik-mesru-olmayan-bir-ihlal-teskil-ettiginin-altini-cizdi-turkiyenin-ulusal-egemenlik-ile-ilgili-karsilikli-saygi-ilkesini-korumasi","tag-turk-ordrusunun-suriye-ve-irak-topraklarinda-iside-karsi-operasyon-duzenlemesini-onaylayan-karar-tasarisini-onaylamisti-turkiye-hukumetinin-suriye-ve-irakda-katliamlar-duzenleyen-si","tag-turkiye-iraka-askeri-birlik-gonderme-kararindan-vazgecmelidir-bagdat-irak-baskani-yardimcisi-nuri-el-maliki","tag-turkiyeden-iraka-kara-kuvvetler-birliklerini-gonderme-kararindan-vazgecmesini-talep-etti-maliki-bugun-yayinladigi-ve-irak-basininda-genis-yer-alan-beyaninda"],"_links":{"self":[{"href":"https:\/\/archive.sana.sy\/tr\/index.php?rest_route=\/wp\/v2\/posts\/12310","targetHints":{"allow":["GET"]}}],"collection":[{"href":"https:\/\/archive.sana.sy\/tr\/index.php?rest_route=\/wp\/v2\/posts"}],"about":[{"href":"https:\/\/archive.sana.sy\/tr\/index.php?rest_route=\/wp\/v2\/types\/post"}],"author":[{"embeddable":true,"href":"https:\/\/archive.sana.sy\/tr\/index.php?rest_route=\/wp\/v2\/users\/1"}],"replies":[{"embeddable":true,"href":"https:\/\/archive.sana.sy\/tr\/index.php?rest_route=%2Fwp%2Fv2%2Fcomments&post=12310"}],"version-history":[{"count":0,"href":"https:\/\/archive.sana.sy\/tr\/index.php?rest_route=\/wp\/v2\/posts\/12310\/revisions"}],"wp:featuredmedia":[{"embeddable":true,"href":"https:\/\/archive.sana.sy\/tr\/index.php?rest_route=\/wp\/v2\/media\/12311"}],"wp:attachment":[{"href":"https:\/\/archive.sana.sy\/tr\/index.php?rest_route=%2Fwp%2Fv2%2Fmedia&parent=12310"}],"wp:term":[{"taxonomy":"category","embeddable":true,"href":"https:\/\/archive.sana.sy\/tr\/index.php?rest_route=%2Fwp%2Fv2%2Fcategories&post=12310"},{"taxonomy":"post_tag","embeddable":true,"href":"https:\/\/archive.sana.sy\/tr\/index.php?rest_route=%2Fwp%2Fv2%2Ftags&post=12310"}],"curies":[{"name":"wp","href":"https:\/\/api.w.org\/{rel}","templated":true}]}}