{"id":12325,"date":"2014-10-04T15:35:02","date_gmt":"2014-10-04T12:35:02","guid":{"rendered":"http:\/\/www.sanasyria.org\/tr\/?p=12325"},"modified":"2014-10-04T15:39:29","modified_gmt":"2014-10-04T12:39:29","slug":"erdogan-ve-davutoglu-bolgede-terorun-gercek-babalaridir","status":"publish","type":"post","link":"https:\/\/archive.sana.sy\/tr\/?p=12325","title":{"rendered":"Erdo\u011fan ve Davuto\u011flu B\u00f6lgede Ter\u00f6r\u00fcn Ger\u00e7ek Babalar\u0131d\u0131r"},"content":{"rendered":"<p>BEYRUT \u2013 D\u0131\u015fi\u015fleri ve Gurbet\u00e7iler Bakan\u0131 Faysal Mikdat, Erdo\u011fan ve Davuto\u011flu h\u00fck\u00fcmetlerinin I\u015e\u0130D ter\u00f6r \u00f6rg\u00fct\u00fcne kar\u015f\u0131 sava\u015fa kat\u0131lmalar\u0131yla ilgili iddialar\u0131n\u0131n b\u00fcy\u00fck bir hile te\u015fkil etti\u011fini \u00e7\u00fcnk\u00fc b\u00f6lgede ter\u00f6r\u00fcn ger\u00e7ek babas\u0131n\u0131 temsil ettiklerini belirterek, Erdo\u011fan ve h\u00fck\u00fcmetinin Suriye krizinin ba\u015f\u0131ndan beri Suriyelilerin sadece kan hat\u0131ralar\u0131n\u0131 ta\u015f\u0131d\u0131klar\u0131 Osmanl\u0131 h\u00fclyalar\u0131n\u0131 gizleyemediklerini vurgulad\u0131.<\/p>\n<p>L\u00fcbnanl\u0131 el Binaa gazetesinde \u201cErdo\u011fan h\u00fck\u00fcmeti ter\u00f6rle sava\u015fm\u0131yor destekliyor, tarih ve co\u011frafya ate\u015fi ise onunla oynayanlar\u0131 yakacak\u201d ba\u015fl\u0131\u011f\u0131 alt\u0131nda yay\u0131nlanan haftal\u0131k makalesinde Mikdat, Erdo\u011fan h\u00fck\u00fcmetinin d\u00fcnyaya\u0131 aldatmaya \u00e7al\u0131\u015farak Suriye\u2019ye y\u00f6nelik sava\u015f\u0131n\u0131 y\u00fcr\u00fctmek i\u00e7in I\u015e\u0130D ter\u00f6r \u00f6rg\u00fct\u00fcne sava\u015f yoluyla bilet almaya ve bu ter\u00f6r \u00f6rg\u00fct\u00fcn\u00fcn \u00f6rne\u011fini tamim etmeye \u00e7al\u0131\u015ft\u0131\u011f\u0131n\u0131 s\u00f6yledi.<\/p>\n<p>Mikdat, Erdo\u011fan h\u00fck\u00fcmetinin b\u00fct\u00fcn herkesin uluslararas\u0131 kanun ve misaklara ters oldu\u011funu bildi\u011fi \u201cSuriye\u2019de rejimi de\u011fi\u015ftirme\u201d ad\u0131 alt\u0131nda Suriye\u2019ye y\u00f6nelik sava\u015f\u0131 I\u015e\u0130D\u2019e kar\u015f\u0131 sava\u015fla ba\u011flama projesinin ger\u00e7e\u011fini ortaya d\u00f6kt\u00fcklerine dikkat \u00e7ekti.<\/p>\n<p>Mikdat, Erdo\u011fan\u2019\u0131n Osmanl\u0131c\u0131l\u0131k h\u00fclyalar\u0131n\u0131n Suriye ve Irak\u2019\u0131n belirli bir co\u011frafyas\u0131 \u00fczerinde s\u00f6zde \u201cI\u015e\u0130D emaresinin\u201d do\u011fu\u015fuyla birlikte tan\u0131k oldu\u011fumuz hilafet \u00f6rne\u011finden ba\u015fka bir \u015fey olmad\u0131\u011f\u0131na i\u015faret ederek, bu emarenin Erdo\u011fan hilafet imparatorlu\u011funun k\u00fc\u00e7\u00fclt\u00fclm\u00fc\u015f \u015fekli oldu\u011funu vurgulad\u0131.<\/p>\n<p>Mikdat, T\u00fcrkiye\u2019de \u201cSuriye muhalefeti\u201d ad\u0131 alt\u0131nda kurulan b\u00fct\u00fcn \u00f6rg\u00fctlerin Erdo\u011fan ve h\u00fck\u00fcmetinin kanatlar\u0131 alt\u0131nda e\u011fitildi\u011fini, bar\u0131nd\u0131r\u0131ld\u0131\u011f\u0131n\u0131 ve silahland\u0131r\u0131ld\u0131\u011f\u0131n\u0131 ve b\u00f6ylece askeri te\u015fkilatlar\u0131n bir b\u00f6l\u00fcm\u00fc haline geldi\u011fini daha sonra da I\u015e\u0130D ve Nusra gibi ter\u00f6r \u00f6rg\u00fctlerinin te\u015fkilatlar\u0131n\u0131n bir b\u00f6l\u00fcm\u00fcne d\u00f6n\u00fc\u015ft\u00fcklerini s\u00f6yledi.<\/p>\n<p>Mikdat, bat\u0131l\u0131 ve Arap h\u00fck\u00fcmetlerinin \u00fclkeyi saran krizde Suriyelilerin kanlar\u0131na girmelerinin T\u00fcrkiye h\u00fck\u00fcmetinin \u015f\u00fcpheli rol\u00fc ile bu h\u00fck\u00fcmetin k\u0131\u015fk\u0131rtmalar\u0131 ve bask\u0131lar\u0131 neticesinde geldi\u011fini ifade etti.<\/p>\n<p>Mikdat, Erdo\u011fan h\u00fck\u00fcmetinin ter\u00f6rist \u00e7etelerin ka\u00e7\u0131rd\u0131klar\u0131n\u0131 serbest b\u0131rakma hallerinin t\u00fcm\u00fcnde arac\u0131l\u0131k rol\u00fcn\u00fc oynad\u0131\u011f\u0131na dikkat \u00e7ekti.<\/p>\n<p>Mikdat, ter\u00f6rle ger\u00e7ek sava\u015f\u0131n, Erdo\u011fan ve Davuto\u011flu\u2019nun bu ter\u00f6r\u00fc desteklemelerinden ellerini \u00e7ekmeleri, Suriye ve Irak\u2019tan \u00e7al\u0131nan petrol pazar\u0131n\u0131 ter\u00f6ristler \u00f6n\u00fcnde kilitlemeleri ve bu hususta \u00e7\u0131kan uluslararas\u0131 g\u00fcvenlik konseyi kararlar\u0131na ba\u011fl\u0131 kalmalar\u0131yla olaca\u011f\u0131n\u0131 s\u00f6yledi.<\/p>\n<p>Erdo\u011fan tehditlerinin ter\u00f6r ve sald\u0131rganl\u0131\u011fa kar\u015f\u0131 sava\u015fan Suriye\u2019yi korkutmayaca\u011f\u0131n\u0131 belirten Mikdat, Suriye\u2019nin egemenli\u011fi ve halk\u0131n\u0131n g\u00fcvenli\u011fini tek ba\u015f\u0131na nas\u0131l savunaca\u011f\u0131n\u0131 bildi\u011fine ve bunu s\u00fcrd\u00fcrece\u011fine dikkat \u00e7ekti.<\/p>\n<p>Mikdat, d\u00fcnyaya d\u00fc\u015fen g\u00f6revin ter\u00f6rde asil ve asli olan hilafet imparatorlu\u011funun do\u011fu\u015funa izin vermemesi gerekti\u011fini belirterek, ba\u015fl\u0131\u011f\u0131 \u201cetnik de\u011fil \u0131rk\u00e7\u0131 ve dinsel a\u015f\u0131r\u0131c\u0131l\u0131k\u201d olan yeni bir fa\u015fizmin yeni bir Hitler\u2019in do\u011fu\u015funu m\u00fcjdeledi\u011fine i\u015faret etti.<\/p>\n<p>Mikdat, Fa\u015fizmin 2. D\u00fcnya sava\u015f\u0131nda d\u00fc\u015ft\u00fc\u011f\u00fcn\u00fc \u00e7\u00fcnk\u00fc Stalingrad\u2019\u0131n ak\u015f\u0131n\u0131 de\u011fi\u015ftirdi\u011fini, Suriye\u2019deki her belde ve her kentin bir Stalingrad oldu\u011funu, Suriye\u2019nin ordu ve halk\u0131n\u0131n g\u00fcc\u00fcn\u00fc bildi\u011fi gibi elinde bulundurdu\u011fu manevi ve ahlaki g\u00fc\u00e7 kaynaklar\u0131n\u0131 da \u00e7ok iyi bildi\u011fine dikkat \u00e7ekerek makalesini bitirdi.<\/p>\n","protected":false},"excerpt":{"rendered":"<p>BEYRUT \u2013 D\u0131\u015fi\u015fleri ve Gurbet\u00e7iler Bakan\u0131 Faysal Mikdat, Erdo\u011fan ve Davuto\u011flu h\u00fck\u00fcmetlerinin I\u015e\u0130D ter\u00f6r \u00f6rg\u00fct\u00fcne kar\u015f\u0131 sava\u015fa kat\u0131lmalar\u0131yla ilgili iddialar\u0131n\u0131n b\u00fcy\u00fck bir hile te\u015fkil etti\u011fini \u00e7\u00fcnk\u00fc b\u00f6lgede ter\u00f6r\u00fcn ger\u00e7ek babas\u0131n\u0131 temsil ettiklerini belirterek, Erdo\u011fan ve h\u00fck\u00fcmetinin Suriye krizinin ba\u015f\u0131ndan beri Suriyelilerin sadece kan hat\u0131ralar\u0131n\u0131 ta\u015f\u0131d\u0131klar\u0131 Osmanl\u0131 h\u00fclyalar\u0131n\u0131 gizleyemediklerini vurgulad\u0131. L\u00fcbnanl\u0131 el Binaa gazetesinde \u201cErdo\u011fan h\u00fck\u00fcmeti &hellip;<\/p>\n","protected":false},"author":1,"featured_media":12326,"comment_status":"closed","ping_status":"closed","sticky":false,"template":"","format":"standard","meta":{"footnotes":""},"categories":[558,556,458,459,447,2554,2555],"tags":[3081,3089,3082,3079,3088,3077,3076,3083,3071,3073,3085,3074,3078,3090,3072,3086,3091,3087,3092,3075,3084,3080],"class_list":["post-12325","post","type-post","status-publish","format-standard","has-post-thumbnail","","category-arap-basini","category-basin","category-dunya1","category-haberler-arap-uluslararasi-politika","category-politika","category-suriye-ve-dunya","category-suriye-ve-turkiye","tag-barindirildigini-ve-silahlandirildigini-ve-boylece-askeri-teskilatlarin-bir-bolumu-haline-geldigini-daha-sonra-da-isid-ve-nusra-gibi-teror-orgutlerinin-teskilatlarinin-bir-bolumune-donustuklerini-soyl","tag-basligi-etnik-degil-irkci-ve-dinsel-asiricilik-olan-yeni-bir-fasizmin-yeni-bir-hitlerin-dogusunu-mujdeledigine-isaret-etti-mikdat","tag-batili-ve-arap-hukumetlerinin-ulkeyi-saran-krizde-suriyelilerin-kanlarina-girmelerinin-turkiye-hukumetinin-supheli-rolu-ile-bu-hukumetin-kiskirtmalari-ve-baskilari-neticesinde-geldigini-ifade-etti-mi","tag-bu-emarenin-erdogan-hilafet-imparatorlugunun-kucultulmus-sekli-oldugunu-vurguladi-mikdat","tag-dunyaya-dusen-gorevin-terorde-asil-ve-asli-olan-hilafet-imparatorlugunun-dogusuna-izin-vermemesi-gerektigini-belirterek","tag-erdogan-hukumetinin-butun-herkesin-uluslararasi-kanun-ve-misaklara-ters-oldugunu-bildigi-suriyede-rejimi-degistirme-adi-altinda-suriyeye-yonelik-savasi-isid","tag-erdogan-hukumetinin-dunyayai-aldatmaya-calisarak-suriyeye-yonelik-savasini-yurutmek-icin-isid-teror-orgutune-savas-yoluyla-bilet-almaya-ve-bu-teror-orgutunun-ornegini-tamim-etmeye-calistigini","tag-erdogan-hukumetinin-terorist-cetelerin-kacirdiklarini-serbest-birakma-hallerinin-tumunde-aracilik-rolunu-oynadigina-dikkat-cekti-mikdat","tag-erdogan-ve-davutoglu-bolgede-terorun-gercek-babalaridirlar","tag-erdogan-ve-davutoglu-hukumetlerinin-isid-teror-orgutune-karsi-savasa-katilmalariyla-ilgili-iddialarinin-buyuk-bir-hile-teskil-ettigini-cunku-bolgede-terorun-gercek-babasini-temsil-ettiklerini-belirter","tag-erdogan-ve-davutoglunun-bu-teroru-desteklemelerinden-ellerini-cekmeleri","tag-erdogan-ve-hukumetinin-suriye-krizinin-basindan-beri-suriyelilerin-sadece-kan-hatiralarini-tasidiklari-osmanli-hulyalarini-gizleyemediklerini-vurguladi-lubnanli-el-binaa-gazetesinde-erdogan","tag-erdoganin-osmanlicilik-hulyalarinin-suriye-ve-irakin-belirli-bir-cografyasi-uzerinde-sozde-isid-emaresinin-dogusuyla-birlikte-tanik-oldugumuz-hilafet-orneginden-bas","tag-fasizmin-2-dunya-savasinda-dustugunu-cunku-stalingradin-aksini-degistirdigini","tag-iside-karsi-savas-cigirtkanliklari-ise-buyuk-bir-yalandir-beyrut-disisleri-ve-gurbetciler-bakani-faysal-mikdat","tag-suriye-ve-iraktan-calinan-petrol-pazarini-teroristler-onunde-kilitlemeleri-ve-bu-hususta-cikan-uluslararasi-guvenlik-konseyi-kararlarina-bagli-kalmalariyla-olacagini-soyledi-erdogan-tehditle","tag-suriyedeki-her-belde-ve-her-kentin-bir-stalingrad-oldugunu","tag-suriyenin-egemenligi-ve-halkinin-guvenligini-tek-basina-nasil-savunacagini-bildigine-ve-bunu-surdurecegine-dikkat-cekti-mikdat","tag-suriyenin-ordu-ve-halkinin-gucunu-bildigi-gibi-elinde-bulundurdugu-manevi-ve-ahlaki-guc-kaynaklarini-da-cok-iyi-bildigine-dikkat-cekerek-makalesini-bitirdi","tag-tarih-ve-cografya-atesi-ise-onunla-oynayanlari-yakacak-basligi-altinda-yayinlanan-haftalik-makalesinde-mikdat","tag-terorle-gercek-savasin","tag-turkiyede-suriye-muhalefeti-adi-altinda-kurulan-butun-orgutlerin-erdogan-ve-hukumetinin-kanatlari-altinda-egitildigini"],"_links":{"self":[{"href":"https:\/\/archive.sana.sy\/tr\/index.php?rest_route=\/wp\/v2\/posts\/12325","targetHints":{"allow":["GET"]}}],"collection":[{"href":"https:\/\/archive.sana.sy\/tr\/index.php?rest_route=\/wp\/v2\/posts"}],"about":[{"href":"https:\/\/archive.sana.sy\/tr\/index.php?rest_route=\/wp\/v2\/types\/post"}],"author":[{"embeddable":true,"href":"https:\/\/archive.sana.sy\/tr\/index.php?rest_route=\/wp\/v2\/users\/1"}],"replies":[{"embeddable":true,"href":"https:\/\/archive.sana.sy\/tr\/index.php?rest_route=%2Fwp%2Fv2%2Fcomments&post=12325"}],"version-history":[{"count":0,"href":"https:\/\/archive.sana.sy\/tr\/index.php?rest_route=\/wp\/v2\/posts\/12325\/revisions"}],"wp:featuredmedia":[{"embeddable":true,"href":"https:\/\/archive.sana.sy\/tr\/index.php?rest_route=\/wp\/v2\/media\/12326"}],"wp:attachment":[{"href":"https:\/\/archive.sana.sy\/tr\/index.php?rest_route=%2Fwp%2Fv2%2Fmedia&parent=12325"}],"wp:term":[{"taxonomy":"category","embeddable":true,"href":"https:\/\/archive.sana.sy\/tr\/index.php?rest_route=%2Fwp%2Fv2%2Fcategories&post=12325"},{"taxonomy":"post_tag","embeddable":true,"href":"https:\/\/archive.sana.sy\/tr\/index.php?rest_route=%2Fwp%2Fv2%2Ftags&post=12325"}],"curies":[{"name":"wp","href":"https:\/\/api.w.org\/{rel}","templated":true}]}}