{"id":123557,"date":"2017-09-01T13:21:05","date_gmt":"2017-09-01T10:21:05","guid":{"rendered":"http:\/\/www.sana.sy\/tr\/?p=123557"},"modified":"2017-09-01T16:07:21","modified_gmt":"2017-09-01T13:07:21","slug":"cumhurbaskani-el-esad-sam-kirsali-kara-kentinde-kildigi-bayram-namazi-ardindan-vatandaslarla-bir-araya-geldi-%e2%80%8f","status":"publish","type":"post","link":"https:\/\/archive.sana.sy\/tr\/?p=123557","title":{"rendered":"Cumhurba\u015fkan\u0131 el Esad \u015eam k\u0131rsal\u0131 Kara kentinde k\u0131ld\u0131\u011f\u0131 bayram namaz\u0131 ard\u0131ndan vatanda\u015flarla bir araya geldi \u200f"},"content":{"rendered":"<p>Cumhurba\u015fkan\u0131 el Esad \u015eam k\u0131rsal\u0131 Kara kentinde k\u0131ld\u0131\u011f\u0131 bayram namaz\u0131 ard\u0131ndan vatanda\u015flarla bir araya geldi \u200f<\/p>\n<p>https:\/\/www.youtube.com\/watch?v=IQa9k0Rweuc<\/p>\n","protected":false},"excerpt":{"rendered":"<p>Cumhurba\u015fkan\u0131 el Esad \u015eam k\u0131rsal\u0131 Kara kentinde k\u0131ld\u0131\u011f\u0131 bayram namaz\u0131 ard\u0131ndan vatanda\u015flarla bir araya geldi \u200f https:\/\/www.youtube.com\/watch?v=IQa9k0Rweuc<\/p>\n","protected":false},"author":1,"featured_media":123558,"comment_status":"closed","ping_status":"closed","sticky":false,"template":"","format":"standard","meta":{"footnotes":""},"categories":[18295],"tags":[],"class_list":["post-123557","post","type-post","status-publish","format-standard","has-post-thumbnail","","category-sana-video"],"_links":{"self":[{"href":"https:\/\/archive.sana.sy\/tr\/index.php?rest_route=\/wp\/v2\/posts\/123557","targetHints":{"allow":["GET"]}}],"collection":[{"href":"https:\/\/archive.sana.sy\/tr\/index.php?rest_route=\/wp\/v2\/posts"}],"about":[{"href":"https:\/\/archive.sana.sy\/tr\/index.php?rest_route=\/wp\/v2\/types\/post"}],"author":[{"embeddable":true,"href":"https:\/\/archive.sana.sy\/tr\/index.php?rest_route=\/wp\/v2\/users\/1"}],"replies":[{"embeddable":true,"href":"https:\/\/archive.sana.sy\/tr\/index.php?rest_route=%2Fwp%2Fv2%2Fcomments&post=123557"}],"version-history":[{"count":0,"href":"https:\/\/archive.sana.sy\/tr\/index.php?rest_route=\/wp\/v2\/posts\/123557\/revisions"}],"wp:featuredmedia":[{"embeddable":true,"href":"https:\/\/archive.sana.sy\/tr\/index.php?rest_route=\/wp\/v2\/media\/123558"}],"wp:attachment":[{"href":"https:\/\/archive.sana.sy\/tr\/index.php?rest_route=%2Fwp%2Fv2%2Fmedia&parent=123557"}],"wp:term":[{"taxonomy":"category","embeddable":true,"href":"https:\/\/archive.sana.sy\/tr\/index.php?rest_route=%2Fwp%2Fv2%2Fcategories&post=123557"},{"taxonomy":"post_tag","embeddable":true,"href":"https:\/\/archive.sana.sy\/tr\/index.php?rest_route=%2Fwp%2Fv2%2Ftags&post=123557"}],"curies":[{"name":"wp","href":"https:\/\/api.w.org\/{rel}","templated":true}]}}