{"id":123560,"date":"2017-09-01T12:45:19","date_gmt":"2017-09-01T09:45:19","guid":{"rendered":"http:\/\/www.sana.sy\/tr\/?p=123560"},"modified":"2017-09-02T15:40:10","modified_gmt":"2017-09-02T12:40:10","slug":"katari-3-1-yendik-video","status":"publish","type":"post","link":"https:\/\/archive.sana.sy\/tr\/?p=123560","title":{"rendered":"Katar\u2019\u0131 3-1 Yendik (video)"},"content":{"rendered":"<p>KUALA LUMPUR \u2013 2018 D\u00fcnya Kupas\u0131 Asya Elemelerinde milli futbol tak\u0131m\u0131m\u0131z\u0131n Katar tak\u0131m\u0131 ile Malezya\u2019da oynad\u0131\u011f\u0131 ma\u00e7\u0131 3-1 galibiyetle kazand\u0131.<\/p>\n<p><a href=\"http:\/\/www.sana.sy\/tr\/wp-content\/uploads\/2017\/09\/spor.jpg-1.jpg\"><img loading=\"lazy\" decoding=\"async\" class=\"alignright wp-image-123564 size-medium\" src=\"http:\/\/www.sana.sy\/tr\/wp-content\/uploads\/2017\/09\/spor.jpg-1-300x168.jpg\" alt=\"\" width=\"300\" height=\"168\" srcset=\"https:\/\/archive.sana.sy\/tr\/wp-content\/uploads\/2017\/09\/spor.jpg-1-300x168.jpg 300w, https:\/\/archive.sana.sy\/tr\/wp-content\/uploads\/2017\/09\/spor.jpg-1-150x84.jpg 150w, https:\/\/archive.sana.sy\/tr\/wp-content\/uploads\/2017\/09\/spor.jpg-1-768x430.jpg 768w, https:\/\/archive.sana.sy\/tr\/wp-content\/uploads\/2017\/09\/spor.jpg-1.jpg 885w\" sizes=\"auto, (max-width: 300px) 100vw, 300px\" \/><\/a>Ma\u00e7ta milli oyuncumuz \u00d6mer Hreybin yedinci ve elli be\u015finci dakikada iki gol atarken; Mahmut el Mevvas\u2019da uzatmada milli tak\u0131m\u0131m\u0131z\u0131n \u00fc\u00e7\u00fcnc\u00fc g\u00f6l\u00fcn\u00fc att\u0131. Katar\u2019\u0131n gol\u00fcn\u00fc ise Ali Esadullah Kamber 53. dakikada att\u0131.<\/p>\n<p>Ma\u00e7\u0131n ilk anlar\u0131ndan beri top kontrol\u00fcn\u00fc elinde tutan ve ma\u00e7 boyunca galibiyete \u0131srar\u0131n\u0131 g\u00f6steren milli tak\u0131m\u0131m\u0131z bu galibiyetle Suriye&#8217;yi d\u00fcnya kupas\u0131 ma\u00e7lar\u0131na g\u00f6t\u00fcrme umudunu peki\u015ftirmi\u015f oldu.<\/p>\n<p>https:\/\/www.youtube.com\/watch?v=bjzGiO_17xY<\/p>\n<p>https:\/\/www.youtube.com\/watch?v=t19XBEtDvBw<\/p>\n","protected":false},"excerpt":{"rendered":"<p>KUALA LUMPUR \u2013 2018 D\u00fcnya Kupas\u0131 Asya Elemelerinde milli futbol tak\u0131m\u0131m\u0131z\u0131n Katar tak\u0131m\u0131 ile Malezya\u2019da oynad\u0131\u011f\u0131 ma\u00e7\u0131 3-1 galibiyetle kazand\u0131. Ma\u00e7ta milli oyuncumuz \u00d6mer Hreybin yedinci ve elli be\u015finci dakikada iki gol atarken; Mahmut el Mevvas\u2019da uzatmada milli tak\u0131m\u0131m\u0131z\u0131n \u00fc\u00e7\u00fcnc\u00fc g\u00f6l\u00fcn\u00fc att\u0131. Katar\u2019\u0131n gol\u00fcn\u00fc ise Ali Esadullah Kamber 53. dakikada att\u0131. Ma\u00e7\u0131n ilk anlar\u0131ndan beri &hellip;<\/p>\n","protected":false},"author":1,"featured_media":123561,"comment_status":"closed","ping_status":"closed","sticky":false,"template":"","format":"standard","meta":{"footnotes":""},"categories":[458,498,459,17988,496],"tags":[],"class_list":["post-123560","post","type-post","status-publish","format-standard","has-post-thumbnail","","category-dunya1","category-dunya-turnuvalari","category-haberler-arap-uluslararasi-politika","category-son-haberler","category-spor"],"_links":{"self":[{"href":"https:\/\/archive.sana.sy\/tr\/index.php?rest_route=\/wp\/v2\/posts\/123560","targetHints":{"allow":["GET"]}}],"collection":[{"href":"https:\/\/archive.sana.sy\/tr\/index.php?rest_route=\/wp\/v2\/posts"}],"about":[{"href":"https:\/\/archive.sana.sy\/tr\/index.php?rest_route=\/wp\/v2\/types\/post"}],"author":[{"embeddable":true,"href":"https:\/\/archive.sana.sy\/tr\/index.php?rest_route=\/wp\/v2\/users\/1"}],"replies":[{"embeddable":true,"href":"https:\/\/archive.sana.sy\/tr\/index.php?rest_route=%2Fwp%2Fv2%2Fcomments&post=123560"}],"version-history":[{"count":0,"href":"https:\/\/archive.sana.sy\/tr\/index.php?rest_route=\/wp\/v2\/posts\/123560\/revisions"}],"wp:featuredmedia":[{"embeddable":true,"href":"https:\/\/archive.sana.sy\/tr\/index.php?rest_route=\/wp\/v2\/media\/123561"}],"wp:attachment":[{"href":"https:\/\/archive.sana.sy\/tr\/index.php?rest_route=%2Fwp%2Fv2%2Fmedia&parent=123560"}],"wp:term":[{"taxonomy":"category","embeddable":true,"href":"https:\/\/archive.sana.sy\/tr\/index.php?rest_route=%2Fwp%2Fv2%2Fcategories&post=123560"},{"taxonomy":"post_tag","embeddable":true,"href":"https:\/\/archive.sana.sy\/tr\/index.php?rest_route=%2Fwp%2Fv2%2Ftags&post=123560"}],"curies":[{"name":"wp","href":"https:\/\/api.w.org\/{rel}","templated":true}]}}