{"id":123581,"date":"2017-09-01T12:06:33","date_gmt":"2017-09-01T09:06:33","guid":{"rendered":"http:\/\/www.sana.sy\/tr\/?p=123581"},"modified":"2017-09-01T14:13:36","modified_gmt":"2017-09-01T11:13:36","slug":"samda-bm-binasi-onunde-turkiyede-cezaevlerindeki-tutuklularla-dayanisma-eylemi","status":"publish","type":"post","link":"https:\/\/archive.sana.sy\/tr\/?p=123581","title":{"rendered":"\u015eam\u2019da BM binas\u0131 \u00f6n\u00fcnde T\u00fcrkiye&#8217;de cezaevlerindeki tutuklularla dayan\u0131\u015fma eylemi"},"content":{"rendered":"<p>\u015eam\u2019da BM binas\u0131 \u00f6n\u00fcnde T\u00fcrkiye&#8217;de cezaevlerindeki tutuklularla dayan\u0131\u015fma eylemi<\/p>\n<p>https:\/\/www.youtube.com\/watch?v=tRKoTtwqnUU<\/p>\n","protected":false},"excerpt":{"rendered":"<p>\u015eam\u2019da BM binas\u0131 \u00f6n\u00fcnde T\u00fcrkiye&#8217;de cezaevlerindeki tutuklularla dayan\u0131\u015fma eylemi https:\/\/www.youtube.com\/watch?v=tRKoTtwqnUU<\/p>\n","protected":false},"author":1,"featured_media":123585,"comment_status":"closed","ping_status":"closed","sticky":false,"template":"","format":"standard","meta":{"footnotes":""},"categories":[18295],"tags":[],"class_list":["post-123581","post","type-post","status-publish","format-standard","has-post-thumbnail","","category-sana-video"],"_links":{"self":[{"href":"https:\/\/archive.sana.sy\/tr\/index.php?rest_route=\/wp\/v2\/posts\/123581","targetHints":{"allow":["GET"]}}],"collection":[{"href":"https:\/\/archive.sana.sy\/tr\/index.php?rest_route=\/wp\/v2\/posts"}],"about":[{"href":"https:\/\/archive.sana.sy\/tr\/index.php?rest_route=\/wp\/v2\/types\/post"}],"author":[{"embeddable":true,"href":"https:\/\/archive.sana.sy\/tr\/index.php?rest_route=\/wp\/v2\/users\/1"}],"replies":[{"embeddable":true,"href":"https:\/\/archive.sana.sy\/tr\/index.php?rest_route=%2Fwp%2Fv2%2Fcomments&post=123581"}],"version-history":[{"count":0,"href":"https:\/\/archive.sana.sy\/tr\/index.php?rest_route=\/wp\/v2\/posts\/123581\/revisions"}],"wp:featuredmedia":[{"embeddable":true,"href":"https:\/\/archive.sana.sy\/tr\/index.php?rest_route=\/wp\/v2\/media\/123585"}],"wp:attachment":[{"href":"https:\/\/archive.sana.sy\/tr\/index.php?rest_route=%2Fwp%2Fv2%2Fmedia&parent=123581"}],"wp:term":[{"taxonomy":"category","embeddable":true,"href":"https:\/\/archive.sana.sy\/tr\/index.php?rest_route=%2Fwp%2Fv2%2Fcategories&post=123581"},{"taxonomy":"post_tag","embeddable":true,"href":"https:\/\/archive.sana.sy\/tr\/index.php?rest_route=%2Fwp%2Fv2%2Ftags&post=123581"}],"curies":[{"name":"wp","href":"https:\/\/api.w.org\/{rel}","templated":true}]}}