{"id":123621,"date":"2017-09-01T13:00:38","date_gmt":"2017-09-01T10:00:38","guid":{"rendered":"http:\/\/www.sana.sy\/tr\/?p=123621"},"modified":"2017-09-02T15:40:43","modified_gmt":"2017-09-02T12:40:43","slug":"astana-6-14-15-eylulde-olacak","status":"publish","type":"post","link":"https:\/\/archive.sana.sy\/tr\/?p=123621","title":{"rendered":"Astana 6 14-15 Eyl\u00fclde Olacak"},"content":{"rendered":"<p>ASTANA \u2013 Kazakistan D\u0131\u015fi\u015fleri Bakanl\u0131\u011f\u0131 Suriye konulu Astana g\u00f6r\u00fc\u015fmelerinin 6. Turunun 14-15 Eyl\u00fcl tarihlerinde olaca\u011f\u0131n\u0131 ilan etti.<\/p>\n<p>Bakanl\u0131k Astana g\u00f6r\u00fc\u015fmelerinde sa\u011flanan Suriye&#8217;de \u00e7at\u0131\u015fmalar\u0131 durdurma anla\u015fmas\u0131n\u0131n garant\u00f6r \u00fclkeleri Rusya, \u0130ran ve T\u00fcrkiye\u2019nin alt\u0131nc\u0131 turun 14-15 Eyl\u00fcl tarihlerinde d\u00fczenlenmesi karar\u0131 ald\u0131klar\u0131n\u0131 a\u00e7\u0131klad\u0131. Ayn\u0131 zamanda garant\u00f6r \u00fclkelerin alt\u0131nc\u0131 tur g\u00f6r\u00fc\u015fmeleri \u00f6ncesinde 13 Eyl\u00fclde ortak \u00e7al\u0131\u015fma grubunun bir araya gelmesini planlad\u0131klar\u0131n\u0131 belirtti.<\/p>\n","protected":false},"excerpt":{"rendered":"<p>ASTANA \u2013 Kazakistan D\u0131\u015fi\u015fleri Bakanl\u0131\u011f\u0131 Suriye konulu Astana g\u00f6r\u00fc\u015fmelerinin 6. Turunun 14-15 Eyl\u00fcl tarihlerinde olaca\u011f\u0131n\u0131 ilan etti. Bakanl\u0131k Astana g\u00f6r\u00fc\u015fmelerinde sa\u011flanan Suriye&#8217;de \u00e7at\u0131\u015fmalar\u0131 durdurma anla\u015fmas\u0131n\u0131n garant\u00f6r \u00fclkeleri Rusya, \u0130ran ve T\u00fcrkiye\u2019nin alt\u0131nc\u0131 turun 14-15 Eyl\u00fcl tarihlerinde d\u00fczenlenmesi karar\u0131 ald\u0131klar\u0131n\u0131 a\u00e7\u0131klad\u0131. Ayn\u0131 zamanda garant\u00f6r \u00fclkelerin alt\u0131nc\u0131 tur g\u00f6r\u00fc\u015fmeleri \u00f6ncesinde 13 Eyl\u00fclde ortak \u00e7al\u0131\u015fma grubunun bir araya &hellip;<\/p>\n","protected":false},"author":1,"featured_media":123632,"comment_status":"closed","ping_status":"closed","sticky":false,"template":"","format":"standard","meta":{"footnotes":""},"categories":[458,459,17988],"tags":[32270,32269,26818,3915,28356,16592,32096,3039],"class_list":["post-123621","post","type-post","status-publish","format-standard","has-post-thumbnail","","category-dunya1","category-haberler-arap-uluslararasi-politika","category-son-haberler","tag-14-15-eylul-tarihlerinde","tag-6-turun","tag-astana-gorusmeler","tag-iran","tag-kazakistan-disisleri-bakanligi","tag-rusya","tag-suriye-konulu","tag-turkiye"],"_links":{"self":[{"href":"https:\/\/archive.sana.sy\/tr\/index.php?rest_route=\/wp\/v2\/posts\/123621","targetHints":{"allow":["GET"]}}],"collection":[{"href":"https:\/\/archive.sana.sy\/tr\/index.php?rest_route=\/wp\/v2\/posts"}],"about":[{"href":"https:\/\/archive.sana.sy\/tr\/index.php?rest_route=\/wp\/v2\/types\/post"}],"author":[{"embeddable":true,"href":"https:\/\/archive.sana.sy\/tr\/index.php?rest_route=\/wp\/v2\/users\/1"}],"replies":[{"embeddable":true,"href":"https:\/\/archive.sana.sy\/tr\/index.php?rest_route=%2Fwp%2Fv2%2Fcomments&post=123621"}],"version-history":[{"count":0,"href":"https:\/\/archive.sana.sy\/tr\/index.php?rest_route=\/wp\/v2\/posts\/123621\/revisions"}],"wp:featuredmedia":[{"embeddable":true,"href":"https:\/\/archive.sana.sy\/tr\/index.php?rest_route=\/wp\/v2\/media\/123632"}],"wp:attachment":[{"href":"https:\/\/archive.sana.sy\/tr\/index.php?rest_route=%2Fwp%2Fv2%2Fmedia&parent=123621"}],"wp:term":[{"taxonomy":"category","embeddable":true,"href":"https:\/\/archive.sana.sy\/tr\/index.php?rest_route=%2Fwp%2Fv2%2Fcategories&post=123621"},{"taxonomy":"post_tag","embeddable":true,"href":"https:\/\/archive.sana.sy\/tr\/index.php?rest_route=%2Fwp%2Fv2%2Ftags&post=123621"}],"curies":[{"name":"wp","href":"https:\/\/api.w.org\/{rel}","templated":true}]}}