{"id":12385,"date":"2014-10-04T12:49:11","date_gmt":"2014-10-04T09:49:11","guid":{"rendered":"http:\/\/www.sanasyria.org\/tr\/?p=12385"},"modified":"2014-10-05T16:22:39","modified_gmt":"2014-10-05T13:22:39","slug":"423-kanun-kacagi-silahlariyla-teslim-oldu","status":"publish","type":"post","link":"https:\/\/archive.sana.sy\/tr\/?p=12385","title":{"rendered":"423 Kanun Ka\u00e7a\u011f\u0131 Silahlar\u0131yla Teslim Oldu"},"content":{"rendered":"<p>\u0130LLER \u2013 Emniyet M\u00fcd\u00fcrl\u00fc\u011f\u00fcnde yetkili kaynak \u015eam ve k\u0131rsal\u0131n\u0131n yan\u0131 s\u0131ra Deyrezzor, Homs ve Hama illerinden 423 kanun ka\u00e7a\u011f\u0131n\u0131n silahlar\u0131yla birlikte g\u00fcvenlik kurumlar\u0131na teslim olduklar\u0131n\u0131 belirtti.<\/p>\n<p>Kaynak teslim olanlar\u0131n genel af yasas\u0131 kapsam\u0131nda kanuni durumlar\u0131n\u0131n yeniden g\u00f6zden ge\u00e7irilip serbest b\u0131rak\u0131lacaklar\u0131n\u0131 aktard\u0131.<\/p>\n","protected":false},"excerpt":{"rendered":"<p>\u0130LLER \u2013 Emniyet M\u00fcd\u00fcrl\u00fc\u011f\u00fcnde yetkili kaynak \u015eam ve k\u0131rsal\u0131n\u0131n yan\u0131 s\u0131ra Deyrezzor, Homs ve Hama illerinden 423 kanun ka\u00e7a\u011f\u0131n\u0131n silahlar\u0131yla birlikte g\u00fcvenlik kurumlar\u0131na teslim olduklar\u0131n\u0131 belirtti. Kaynak teslim olanlar\u0131n genel af yasas\u0131 kapsam\u0131nda kanuni durumlar\u0131n\u0131n yeniden g\u00f6zden ge\u00e7irilip serbest b\u0131rak\u0131lacaklar\u0131n\u0131 aktard\u0131.<\/p>\n","protected":false},"author":1,"featured_media":12388,"comment_status":"closed","ping_status":"closed","sticky":false,"template":"","format":"standard","meta":{"footnotes":""},"categories":[575],"tags":[3140,3141],"class_list":["post-12385","post","type-post","status-publish","format-standard","has-post-thumbnail","","category-olaylar-ve-gercekler","tag-423-kanun-kacagi-silahlariyla-teslim-oldu-iller-emniyet-mudurlugunde-yetkili-kaynak-sam-ve-kirsalinin-yani-sira-deyrezzor","tag-homs-ve-hama-illerinden-423-kanun-kacaginin-silahlariyla-birlikte-guvenlik-kurumlarina-teslim-olduklarini-belirtti-kaynak-teslim-olanlarin-genel-af-yasasi-kapsaminda-kanuni-durumlarinin-yeniden-gozde"],"_links":{"self":[{"href":"https:\/\/archive.sana.sy\/tr\/index.php?rest_route=\/wp\/v2\/posts\/12385","targetHints":{"allow":["GET"]}}],"collection":[{"href":"https:\/\/archive.sana.sy\/tr\/index.php?rest_route=\/wp\/v2\/posts"}],"about":[{"href":"https:\/\/archive.sana.sy\/tr\/index.php?rest_route=\/wp\/v2\/types\/post"}],"author":[{"embeddable":true,"href":"https:\/\/archive.sana.sy\/tr\/index.php?rest_route=\/wp\/v2\/users\/1"}],"replies":[{"embeddable":true,"href":"https:\/\/archive.sana.sy\/tr\/index.php?rest_route=%2Fwp%2Fv2%2Fcomments&post=12385"}],"version-history":[{"count":0,"href":"https:\/\/archive.sana.sy\/tr\/index.php?rest_route=\/wp\/v2\/posts\/12385\/revisions"}],"wp:featuredmedia":[{"embeddable":true,"href":"https:\/\/archive.sana.sy\/tr\/index.php?rest_route=\/wp\/v2\/media\/12388"}],"wp:attachment":[{"href":"https:\/\/archive.sana.sy\/tr\/index.php?rest_route=%2Fwp%2Fv2%2Fmedia&parent=12385"}],"wp:term":[{"taxonomy":"category","embeddable":true,"href":"https:\/\/archive.sana.sy\/tr\/index.php?rest_route=%2Fwp%2Fv2%2Fcategories&post=12385"},{"taxonomy":"post_tag","embeddable":true,"href":"https:\/\/archive.sana.sy\/tr\/index.php?rest_route=%2Fwp%2Fv2%2Ftags&post=12385"}],"curies":[{"name":"wp","href":"https:\/\/api.w.org\/{rel}","templated":true}]}}