{"id":124018,"date":"2017-09-07T10:17:25","date_gmt":"2017-09-07T07:17:25","guid":{"rendered":"http:\/\/www.sana.sy\/tr\/?p=124018"},"modified":"2017-09-08T14:10:05","modified_gmt":"2017-09-08T11:10:05","slug":"ordu-kontrolu-altindaki-bolgeleri-genisletiliyor","status":"publish","type":"post","link":"https:\/\/archive.sana.sy\/tr\/?p=124018","title":{"rendered":"Ordu Kontrol\u00fc Alt\u0131ndaki B\u00f6lgeleri Geni\u015fletiyor"},"content":{"rendered":"<p>\u0130LLER \u2013 Ordu birliklerimizi hava g\u00fc\u00e7lerimizin deste\u011fi ile Deyrezzor Kenti ve k\u0131rsal\u0131n\u0131 radikal ter\u00f6r \u00f6rg\u00fct\u00fc I\u015e\u0130D\u2019ten kurtarma operasyonlar\u0131nda bug\u00fcn yeni ba\u015far\u0131lara imza atarak radikal \u00e7eteleri b\u00fcy\u00fck kay\u0131plara u\u011fratt\u0131.<\/p>\n<p><span style=\"color: #0000ff\">DEYREZZOR:<\/span><\/p>\n<p>Askeri bir kaynak vatan koruyucular\u0131m\u0131z\u0131n Deyrezzor Kentinin bat\u0131 ekseninde arta kalan I\u015e\u0130D\u2019li \u00e7eteleri yok etme operasyonlar\u0131n\u0131 ba\u015far\u0131yla s\u00fcrd\u00fcrd\u00fcklerini belirtti. Kaynak operasyonlarda 137. Alay civarlar\u0131nda kontrol alt\u0131ndaki b\u00f6lgelerin geni\u015fletilmesine e\u015f zamanl\u0131 olarak stratejik bir \u00f6neme sahip Rakka K\u00f6pr\u00fcs\u00fcn\u00fc de I\u015e\u0130D\u2019ten kurtard\u0131\u011f\u0131na dikkat \u00e7ekti.<\/p>\n<p>Operasyonlarda radikal ter\u00f6ristlerin say\u0131, ara\u00e7 ve ekipmanlar\u0131yla b\u00fcy\u00fck kay\u0131plara u\u011frat\u0131ld\u0131klar\u0131n\u0131 ifade eden kaynak, \u00f6ld\u00fcr\u00fclen ter\u00f6ristlerin aras\u0131nda yabanc\u0131 ve saha komutanlar\u0131n\u0131n bulundu\u011funa i\u015faret etti.<\/p>\n<p>Ordu birliklerimizin nitelikli bir operasyonla Temin T\u00fcmeni yak\u0131nlar\u0131nda I\u015e\u0130D\u2019in siperlerine kar\u015f\u0131 nitelikli bir operasyon d\u00fczenlediklerini belirten askeri kaynak; siperde bulunan 5 ter\u00f6ristin silah ve ekipmanlar\u0131yla birlikte etkisiz olarak ele ge\u00e7irildiklerini s\u00f6yledi.<\/p>\n<p>Askeri kaynak hava g\u00fc\u00e7lerimizin ise Deyrezzor k\u0131rsal\u0131n\u0131n g\u00fcneybat\u0131s\u0131 \u015eula Beldesi ekseninde I\u015e\u0130D\u2019in ikmal hatlar\u0131, toplanma yerleri ve karargahlar\u0131na kar\u015f\u0131 yo\u011fun operasyonlarda bulunduklar\u0131n\u0131 aktard\u0131. Buna e\u015f zamanl\u0131 olarak ordu birliklerimizin \u015eula Beldesini I\u015e\u0130D\u2019ten kurtarma ama\u00e7l\u0131 geni\u015f \u00e7apl\u0131 bir operasyon ba\u015flatt\u0131klar\u0131n\u0131 ifade eden kaynak; operasyonlarda radikal \u00e7etelerin ciddi kay\u0131plara u\u011frat\u0131l\u0131p \u00f6nemli ilerlemeler kaydedildi\u011fine dikkat \u00e7ekti.<\/p>\n<p><span style=\"color: #0000ff\">HOMS:<\/span><\/p>\n<p>Di\u011fer yandan askeri bir kaynak ordu birliklerimizin Homs \u0130linin do\u011fusunda radikal ter\u00f6r \u00f6rg\u00fct\u00fc I\u015e\u0130D\u2019i b\u00fcy\u00fck kay\u0131plara u\u011fratmalar\u0131 ard\u0131ndan Resm Hmeyda ve Bat\u0131 Habra beldelerine ilaveten Homs Kentinin yakla\u015f\u0131k 80 km do\u011fusu Cub el Cerrah civar\u0131nda stratejik \u00f6neme sahip bir dizi tepeyi kontrollerine ge\u00e7irdiklerini belirtti.<\/p>\n<p>Kaynak operasyonlarda radikal \u00e7etelere ait ara\u00e7 ve a\u011f\u0131r silahlar\u0131n imha edildi\u011fini kaydederken, \u00f6ld\u00fcr\u00fclen ter\u00f6ristlerin aras\u0131nda tehlikeli isimlerin bulundu\u011funu s\u00f6yledi.<\/p>\n","protected":false},"excerpt":{"rendered":"<p>\u0130LLER \u2013 Ordu birliklerimizi hava g\u00fc\u00e7lerimizin deste\u011fi ile Deyrezzor Kenti ve k\u0131rsal\u0131n\u0131 radikal ter\u00f6r \u00f6rg\u00fct\u00fc I\u015e\u0130D\u2019ten kurtarma operasyonlar\u0131nda bug\u00fcn yeni ba\u015far\u0131lara imza atarak radikal \u00e7eteleri b\u00fcy\u00fck kay\u0131plara u\u011fratt\u0131. DEYREZZOR: Askeri bir kaynak vatan koruyucular\u0131m\u0131z\u0131n Deyrezzor Kentinin bat\u0131 ekseninde arta kalan I\u015e\u0130D\u2019li \u00e7eteleri yok etme operasyonlar\u0131n\u0131 ba\u015far\u0131yla s\u00fcrd\u00fcrd\u00fcklerini belirtti. Kaynak operasyonlarda 137. Alay civarlar\u0131nda kontrol alt\u0131ndaki &hellip;<\/p>\n","protected":false},"author":1,"featured_media":124033,"comment_status":"closed","ping_status":"closed","sticky":false,"template":"","format":"standard","meta":{"footnotes":""},"categories":[479,575,17988,478],"tags":[18237,18576,18577,31769,2494,2318,16591,11549,19034,22181],"class_list":["post-124018","post","type-post","status-publish","format-standard","has-post-thumbnail","","category-haberler-yerel","category-olaylar-ve-gercekler","category-son-haberler","category-yerel","tag-cihatcilar","tag-daes","tag-deas","tag-deyr-ezzor","tag-deyrezzor","tag-isid","tag-suriye","tag-suriye-ordusu","tag-suriyeli-muhalifler","tag-suriyeliler"],"_links":{"self":[{"href":"https:\/\/archive.sana.sy\/tr\/index.php?rest_route=\/wp\/v2\/posts\/124018","targetHints":{"allow":["GET"]}}],"collection":[{"href":"https:\/\/archive.sana.sy\/tr\/index.php?rest_route=\/wp\/v2\/posts"}],"about":[{"href":"https:\/\/archive.sana.sy\/tr\/index.php?rest_route=\/wp\/v2\/types\/post"}],"author":[{"embeddable":true,"href":"https:\/\/archive.sana.sy\/tr\/index.php?rest_route=\/wp\/v2\/users\/1"}],"replies":[{"embeddable":true,"href":"https:\/\/archive.sana.sy\/tr\/index.php?rest_route=%2Fwp%2Fv2%2Fcomments&post=124018"}],"version-history":[{"count":0,"href":"https:\/\/archive.sana.sy\/tr\/index.php?rest_route=\/wp\/v2\/posts\/124018\/revisions"}],"wp:featuredmedia":[{"embeddable":true,"href":"https:\/\/archive.sana.sy\/tr\/index.php?rest_route=\/wp\/v2\/media\/124033"}],"wp:attachment":[{"href":"https:\/\/archive.sana.sy\/tr\/index.php?rest_route=%2Fwp%2Fv2%2Fmedia&parent=124018"}],"wp:term":[{"taxonomy":"category","embeddable":true,"href":"https:\/\/archive.sana.sy\/tr\/index.php?rest_route=%2Fwp%2Fv2%2Fcategories&post=124018"},{"taxonomy":"post_tag","embeddable":true,"href":"https:\/\/archive.sana.sy\/tr\/index.php?rest_route=%2Fwp%2Fv2%2Ftags&post=124018"}],"curies":[{"name":"wp","href":"https:\/\/api.w.org\/{rel}","templated":true}]}}