{"id":124024,"date":"2017-09-07T10:03:31","date_gmt":"2017-09-07T07:03:31","guid":{"rendered":"http:\/\/www.sana.sy\/tr\/?p=124024"},"modified":"2017-09-08T14:50:36","modified_gmt":"2017-09-08T11:50:36","slug":"suriyenin-her-karisi-terorden-temizlenecek","status":"publish","type":"post","link":"https:\/\/archive.sana.sy\/tr\/?p=124024","title":{"rendered":"Suriye&#8217;nin Her Kar\u0131\u015f\u0131 Ter\u00f6rden Temizlenecek"},"content":{"rendered":"<p>\u015eAM \u2013 Ba\u015fbakan Yard\u0131mc\u0131s\u0131 D\u0131\u015fi\u015fleri ve Gurbet\u00e7iler Bakan\u0131 Velid Muallim; ordu birliklerimizin Deyrezzor Kenti ve ahalisini I\u015e\u0130D\u2019ten kurtarmalar\u0131 m\u00fcnasebetiyle \u0130ran D\u0131\u015fi\u015fleri Bakan\u0131 Muhammed Cevat Zarif\u2019ten telefon g\u00f6r\u00fc\u015fmesi ald\u0131.<\/p>\n<p>Telefon g\u00f6r\u00fc\u015fmesinde Zarif; ter\u00f6re kar\u015f\u0131 bu \u00f6nemli ve stratejik zaferden dolay\u0131 Suriye&#8217;yi kutlarken; iki \u00fclke aras\u0131ndaki ili\u015fkilerin derinli\u011fine ve metanetine dikkat \u00e7ekti.<\/p>\n<p>Muallim ise Suriye&#8217;nin \u015f\u00fckranlar\u0131n\u0131 ifade ederken, Suriye ordusunun vatan topraklar\u0131n\u0131n her kar\u0131\u015f\u0131n\u0131 ter\u00f6rden kurtarma ve g\u00fcvenli\u011fi sa\u011flama operasyonlar\u0131n\u0131 aral\u0131ks\u0131z ve amans\u0131z bir \u015fekilde s\u00fcrd\u00fcrece\u011finin alt\u0131n\u0131 \u00e7izdi.<\/p>\n","protected":false},"excerpt":{"rendered":"<p>\u015eAM \u2013 Ba\u015fbakan Yard\u0131mc\u0131s\u0131 D\u0131\u015fi\u015fleri ve Gurbet\u00e7iler Bakan\u0131 Velid Muallim; ordu birliklerimizin Deyrezzor Kenti ve ahalisini I\u015e\u0130D\u2019ten kurtarmalar\u0131 m\u00fcnasebetiyle \u0130ran D\u0131\u015fi\u015fleri Bakan\u0131 Muhammed Cevat Zarif\u2019ten telefon g\u00f6r\u00fc\u015fmesi ald\u0131. Telefon g\u00f6r\u00fc\u015fmesinde Zarif; ter\u00f6re kar\u015f\u0131 bu \u00f6nemli ve stratejik zaferden dolay\u0131 Suriye&#8217;yi kutlarken; iki \u00fclke aras\u0131ndaki ili\u015fkilerin derinli\u011fine ve metanetine dikkat \u00e7ekti. Muallim ise Suriye&#8217;nin \u015f\u00fckranlar\u0131n\u0131 ifade &hellip;<\/p>\n","protected":false},"author":1,"featured_media":124027,"comment_status":"closed","ping_status":"closed","sticky":false,"template":"","format":"standard","meta":{"footnotes":""},"categories":[479,17988,478],"tags":[2494,19199,7665,17148,16591,32317,11549,22181,17051],"class_list":["post-124024","post","type-post","status-publish","format-standard","has-post-thumbnail","","category-haberler-yerel","category-son-haberler","category-yerel","tag-deyrezzor","tag-disisleri-bakani","tag-muallim","tag-muhammed-cevat-zarif","tag-suriye","tag-suriye-disisleri-baknai","tag-suriye-ordusu","tag-suriyeliler","tag-velid-muallim"],"_links":{"self":[{"href":"https:\/\/archive.sana.sy\/tr\/index.php?rest_route=\/wp\/v2\/posts\/124024","targetHints":{"allow":["GET"]}}],"collection":[{"href":"https:\/\/archive.sana.sy\/tr\/index.php?rest_route=\/wp\/v2\/posts"}],"about":[{"href":"https:\/\/archive.sana.sy\/tr\/index.php?rest_route=\/wp\/v2\/types\/post"}],"author":[{"embeddable":true,"href":"https:\/\/archive.sana.sy\/tr\/index.php?rest_route=\/wp\/v2\/users\/1"}],"replies":[{"embeddable":true,"href":"https:\/\/archive.sana.sy\/tr\/index.php?rest_route=%2Fwp%2Fv2%2Fcomments&post=124024"}],"version-history":[{"count":0,"href":"https:\/\/archive.sana.sy\/tr\/index.php?rest_route=\/wp\/v2\/posts\/124024\/revisions"}],"wp:featuredmedia":[{"embeddable":true,"href":"https:\/\/archive.sana.sy\/tr\/index.php?rest_route=\/wp\/v2\/media\/124027"}],"wp:attachment":[{"href":"https:\/\/archive.sana.sy\/tr\/index.php?rest_route=%2Fwp%2Fv2%2Fmedia&parent=124024"}],"wp:term":[{"taxonomy":"category","embeddable":true,"href":"https:\/\/archive.sana.sy\/tr\/index.php?rest_route=%2Fwp%2Fv2%2Fcategories&post=124024"},{"taxonomy":"post_tag","embeddable":true,"href":"https:\/\/archive.sana.sy\/tr\/index.php?rest_route=%2Fwp%2Fv2%2Ftags&post=124024"}],"curies":[{"name":"wp","href":"https:\/\/api.w.org\/{rel}","templated":true}]}}