{"id":124055,"date":"2017-09-07T10:24:29","date_gmt":"2017-09-07T07:24:29","guid":{"rendered":"http:\/\/www.sana.sy\/tr\/?p=124055"},"modified":"2017-09-08T14:10:30","modified_gmt":"2017-09-08T11:10:30","slug":"basarili-ogrencilerin-aylik-mukafati-arttirildi","status":"publish","type":"post","link":"https:\/\/archive.sana.sy\/tr\/?p=124055","title":{"rendered":"Ba\u015far\u0131l\u0131 \u00d6\u011frencilerin Ayl\u0131k M\u00fck\u00e2fat\u0131 Artt\u0131r\u0131ld\u0131"},"content":{"rendered":"<p>\u015eAM \u2013 Cumhurba\u015fkan\u0131 Be\u015f\u015far el Esad bug\u00fcn ba\u015far\u0131l\u0131 \u00f6\u011frencilerin ayl\u0131k m\u00fckafatlar\u0131na ili\u015fkin 1971\/33 say\u0131l\u0131 yasama karar\u0131n 1. ve 3. maddelerinin yeniden d\u00fczenlenmesini \u00f6ng\u00f6ren 2017\/27 say\u0131l\u0131 yasama karar\u0131n\u0131 onaylad\u0131.<\/p>\n<p>Yeni yasama karar\u0131 gere\u011fince ilk\u00f6\u011fretim ve \u015feriat ortaokullar\u0131nda ba\u015far\u0131l\u0131 \u00f6\u011frencilere verilen ayl\u0131k m\u00fckafat\u0131n 10 bin liraya, muhtelif b\u00f6l\u00fcmleriyle ba\u015far\u0131l\u0131 lise \u00f6\u011frencilerine verilen ayl\u0131k m\u00fckafat\u0131n 15 bin liraya y\u00fckseltilmesini \u00f6ng\u00f6r\u00fcl\u00fcyor.<\/p>\n<p>Yasama karar\u0131 2009 y\u0131l\u0131ndan itibaren 1971\/33 say\u0131l\u0131 yasama karar\u0131 h\u00fck\u00fcmlerine uyan t\u00fcm \u00f6\u011frencileri de kapsad\u0131.<\/p>\n","protected":false},"excerpt":{"rendered":"<p>\u015eAM \u2013 Cumhurba\u015fkan\u0131 Be\u015f\u015far el Esad bug\u00fcn ba\u015far\u0131l\u0131 \u00f6\u011frencilerin ayl\u0131k m\u00fckafatlar\u0131na ili\u015fkin 1971\/33 say\u0131l\u0131 yasama karar\u0131n 1. ve 3. maddelerinin yeniden d\u00fczenlenmesini \u00f6ng\u00f6ren 2017\/27 say\u0131l\u0131 yasama karar\u0131n\u0131 onaylad\u0131. Yeni yasama karar\u0131 gere\u011fince ilk\u00f6\u011fretim ve \u015feriat ortaokullar\u0131nda ba\u015far\u0131l\u0131 \u00f6\u011frencilere verilen ayl\u0131k m\u00fckafat\u0131n 10 bin liraya, muhtelif b\u00f6l\u00fcmleriyle ba\u015far\u0131l\u0131 lise \u00f6\u011frencilerine verilen ayl\u0131k m\u00fckafat\u0131n 15 bin liraya &hellip;<\/p>\n","protected":false},"author":1,"featured_media":124056,"comment_status":"closed","ping_status":"closed","sticky":false,"template":"","format":"standard","meta":{"footnotes":""},"categories":[479,605,17988,612,599,478],"tags":[32324,30523,20113,32323,16591,24119,28210,22558,22181],"class_list":["post-124055","post","type-post","status-publish","format-standard","has-post-thumbnail","","category-haberler-yerel","category-sayin-cumhurbaskani","category-son-haberler","category-yasama-kararnameler","category-yasama-ve-kanunlar","category-yerel","tag-aylik-mukafat","tag-bessar","tag-esad","tag-ogrenci-mukafati","tag-suriye","tag-suriye-lideri","tag-suriye-okullari","tag-suriyeli-ogrenciler","tag-suriyeliler"],"_links":{"self":[{"href":"https:\/\/archive.sana.sy\/tr\/index.php?rest_route=\/wp\/v2\/posts\/124055","targetHints":{"allow":["GET"]}}],"collection":[{"href":"https:\/\/archive.sana.sy\/tr\/index.php?rest_route=\/wp\/v2\/posts"}],"about":[{"href":"https:\/\/archive.sana.sy\/tr\/index.php?rest_route=\/wp\/v2\/types\/post"}],"author":[{"embeddable":true,"href":"https:\/\/archive.sana.sy\/tr\/index.php?rest_route=\/wp\/v2\/users\/1"}],"replies":[{"embeddable":true,"href":"https:\/\/archive.sana.sy\/tr\/index.php?rest_route=%2Fwp%2Fv2%2Fcomments&post=124055"}],"version-history":[{"count":0,"href":"https:\/\/archive.sana.sy\/tr\/index.php?rest_route=\/wp\/v2\/posts\/124055\/revisions"}],"wp:featuredmedia":[{"embeddable":true,"href":"https:\/\/archive.sana.sy\/tr\/index.php?rest_route=\/wp\/v2\/media\/124056"}],"wp:attachment":[{"href":"https:\/\/archive.sana.sy\/tr\/index.php?rest_route=%2Fwp%2Fv2%2Fmedia&parent=124055"}],"wp:term":[{"taxonomy":"category","embeddable":true,"href":"https:\/\/archive.sana.sy\/tr\/index.php?rest_route=%2Fwp%2Fv2%2Fcategories&post=124055"},{"taxonomy":"post_tag","embeddable":true,"href":"https:\/\/archive.sana.sy\/tr\/index.php?rest_route=%2Fwp%2Fv2%2Ftags&post=124055"}],"curies":[{"name":"wp","href":"https:\/\/api.w.org\/{rel}","templated":true}]}}