{"id":124123,"date":"2017-09-09T13:59:23","date_gmt":"2017-09-09T10:59:23","guid":{"rendered":"http:\/\/www.sana.sy\/tr\/?p=124123"},"modified":"2017-09-10T13:07:36","modified_gmt":"2017-09-10T10:07:36","slug":"amac-yeniden-yapilanma-ve-kalkinmada-genclerin-rolunu-pekistirmektir-sam-birinci-beseri-kalkinma-genclik-konferansi-bugun-sam-universitesi-rektorlugundeki-konferans-salonunda-cumhurbaskani","status":"publish","type":"post","link":"https:\/\/archive.sana.sy\/tr\/?p=124123","title":{"rendered":"Ama\u00e7 Yeniden Yap\u0131lanma ve Kalk\u0131nmada Gen\u00e7lerin Rol\u00fcn\u00fc Peki\u015ftirmektir"},"content":{"rendered":"<p>\u015eAM \u2013 Birinci Be\u015feri Kalk\u0131nma Gen\u00e7lik Konferans\u0131 bug\u00fcn \u015eam \u00dcniversitesi Rekt\u00f6rl\u00fc\u011f\u00fcndeki konferans salonunda Cumhurba\u015fkan\u0131 Be\u015f\u015far el Esad\u2019\u0131n g\u00f6zetimi alt\u0131nda \u2018Yarat\u0131c\u0131 Gen\u00e7lik.. \u00d6nc\u00fc Kurumlar\u2019 slogan\u0131 alt\u0131nda faaliyetlerine ba\u015flad\u0131.<\/p>\n<p>\u0130dari Kalk\u0131nma Bakanl\u0131\u011f\u0131 ve Ulusal \u00d6\u011frenci Birli\u011finin i\u015fbirli\u011fi ile d\u00fczenlenen konferansa e\u011fitim ve enformasyon bakanlar\u0131n\u0131n yan\u0131 s\u0131ra sanatsal, gen\u00e7lik, k\u00fclt\u00fcrel, kalk\u0131nsal ve muhtelif sivil toplum faaliyetleri kat\u0131ld\u0131.<\/p>\n<p>\u0130dari Kalk\u0131nma Bakan\u0131 Selam Seffaf konferans\u0131n; yeniden yap\u0131lanma ve kalk\u0131nma s\u00fcre\u00e7lerinin yan\u0131 s\u0131ra gereksinimlerinden hareketle geni\u015f bir veri taban\u0131n\u0131n kurulmas\u0131nda gen\u00e7lerin rol\u00fcne vurgu ba\u011flam\u0131nda d\u00fczenlendi\u011fine dikkat \u00e7ekti. Bakan Seffaf konferansta gen\u00e7lerin gereksinimleri gelir d\u00fczeylerini y\u00fckseltmeleri amac\u0131yla e\u011fitimleri, performans ve yeteneklerini peki\u015ftirip en iyi \u015fekilde kullanmalar\u0131na, vatan\u0131n yap\u0131land\u0131r\u0131lmas\u0131 ve kalk\u0131nmas\u0131ndaki rollerini etkinle\u015ftirme amac\u0131 ta\u015f\u0131d\u0131\u011f\u0131n\u0131 a\u00e7\u0131klad\u0131.<\/p>\n<div id='gallery-1' class='gallery galleryid-124123 gallery-columns-3 gallery-size-thumbnail'><figure class='gallery-item'>\n\t\t\t<div class='gallery-icon landscape'>\n\t\t\t\t<a href='https:\/\/archive.sana.sy\/tr\/wp-content\/uploads\/2017\/09\/AMR_3289.jpg'><img loading=\"lazy\" decoding=\"async\" width=\"150\" height=\"100\" src=\"https:\/\/archive.sana.sy\/tr\/wp-content\/uploads\/2017\/09\/AMR_3289-150x100.jpg\" class=\"attachment-thumbnail size-thumbnail\" alt=\"\" srcset=\"https:\/\/archive.sana.sy\/tr\/wp-content\/uploads\/2017\/09\/AMR_3289-150x100.jpg 150w, https:\/\/archive.sana.sy\/tr\/wp-content\/uploads\/2017\/09\/AMR_3289-300x200.jpg 300w, https:\/\/archive.sana.sy\/tr\/wp-content\/uploads\/2017\/09\/AMR_3289-768x511.jpg 768w, https:\/\/archive.sana.sy\/tr\/wp-content\/uploads\/2017\/09\/AMR_3289-1024x681.jpg 1024w, https:\/\/archive.sana.sy\/tr\/wp-content\/uploads\/2017\/09\/AMR_3289-310x205.jpg 310w\" sizes=\"auto, (max-width: 150px) 100vw, 150px\" \/><\/a>\n\t\t\t<\/div><\/figure><figure class='gallery-item'>\n\t\t\t<div class='gallery-icon landscape'>\n\t\t\t\t<a href='https:\/\/archive.sana.sy\/tr\/wp-content\/uploads\/2017\/09\/AMR_3230.jpg'><img loading=\"lazy\" decoding=\"async\" width=\"150\" height=\"100\" src=\"https:\/\/archive.sana.sy\/tr\/wp-content\/uploads\/2017\/09\/AMR_3230-150x100.jpg\" class=\"attachment-thumbnail size-thumbnail\" alt=\"\" srcset=\"https:\/\/archive.sana.sy\/tr\/wp-content\/uploads\/2017\/09\/AMR_3230-150x100.jpg 150w, https:\/\/archive.sana.sy\/tr\/wp-content\/uploads\/2017\/09\/AMR_3230-300x200.jpg 300w, https:\/\/archive.sana.sy\/tr\/wp-content\/uploads\/2017\/09\/AMR_3230-768x511.jpg 768w, https:\/\/archive.sana.sy\/tr\/wp-content\/uploads\/2017\/09\/AMR_3230-1024x681.jpg 1024w, https:\/\/archive.sana.sy\/tr\/wp-content\/uploads\/2017\/09\/AMR_3230-310x205.jpg 310w\" sizes=\"auto, (max-width: 150px) 100vw, 150px\" \/><\/a>\n\t\t\t<\/div><\/figure><figure class='gallery-item'>\n\t\t\t<div class='gallery-icon landscape'>\n\t\t\t\t<a href='https:\/\/archive.sana.sy\/tr\/wp-content\/uploads\/2017\/09\/AMR_3233.jpg'><img loading=\"lazy\" decoding=\"async\" width=\"150\" height=\"100\" src=\"https:\/\/archive.sana.sy\/tr\/wp-content\/uploads\/2017\/09\/AMR_3233-150x100.jpg\" class=\"attachment-thumbnail size-thumbnail\" alt=\"\" srcset=\"https:\/\/archive.sana.sy\/tr\/wp-content\/uploads\/2017\/09\/AMR_3233-150x100.jpg 150w, https:\/\/archive.sana.sy\/tr\/wp-content\/uploads\/2017\/09\/AMR_3233-300x200.jpg 300w, https:\/\/archive.sana.sy\/tr\/wp-content\/uploads\/2017\/09\/AMR_3233-768x511.jpg 768w, https:\/\/archive.sana.sy\/tr\/wp-content\/uploads\/2017\/09\/AMR_3233-1024x681.jpg 1024w, https:\/\/archive.sana.sy\/tr\/wp-content\/uploads\/2017\/09\/AMR_3233-310x205.jpg 310w\" sizes=\"auto, (max-width: 150px) 100vw, 150px\" \/><\/a>\n\t\t\t<\/div><\/figure><figure class='gallery-item'>\n\t\t\t<div class='gallery-icon landscape'>\n\t\t\t\t<a href='https:\/\/archive.sana.sy\/tr\/wp-content\/uploads\/2017\/09\/AMR_3266.jpg'><img loading=\"lazy\" decoding=\"async\" width=\"150\" height=\"100\" src=\"https:\/\/archive.sana.sy\/tr\/wp-content\/uploads\/2017\/09\/AMR_3266-150x100.jpg\" class=\"attachment-thumbnail size-thumbnail\" alt=\"\" srcset=\"https:\/\/archive.sana.sy\/tr\/wp-content\/uploads\/2017\/09\/AMR_3266-150x100.jpg 150w, https:\/\/archive.sana.sy\/tr\/wp-content\/uploads\/2017\/09\/AMR_3266-300x200.jpg 300w, https:\/\/archive.sana.sy\/tr\/wp-content\/uploads\/2017\/09\/AMR_3266-768x511.jpg 768w, https:\/\/archive.sana.sy\/tr\/wp-content\/uploads\/2017\/09\/AMR_3266-1024x681.jpg 1024w, https:\/\/archive.sana.sy\/tr\/wp-content\/uploads\/2017\/09\/AMR_3266-310x205.jpg 310w\" sizes=\"auto, (max-width: 150px) 100vw, 150px\" \/><\/a>\n\t\t\t<\/div><\/figure><figure class='gallery-item'>\n\t\t\t<div class='gallery-icon landscape'>\n\t\t\t\t<a href='https:\/\/archive.sana.sy\/tr\/wp-content\/uploads\/2017\/09\/AMR_3279.jpg'><img loading=\"lazy\" decoding=\"async\" width=\"150\" height=\"94\" src=\"https:\/\/archive.sana.sy\/tr\/wp-content\/uploads\/2017\/09\/AMR_3279-150x94.jpg\" class=\"attachment-thumbnail size-thumbnail\" alt=\"\" srcset=\"https:\/\/archive.sana.sy\/tr\/wp-content\/uploads\/2017\/09\/AMR_3279-150x94.jpg 150w, https:\/\/archive.sana.sy\/tr\/wp-content\/uploads\/2017\/09\/AMR_3279-300x188.jpg 300w, https:\/\/archive.sana.sy\/tr\/wp-content\/uploads\/2017\/09\/AMR_3279-768x481.jpg 768w, https:\/\/archive.sana.sy\/tr\/wp-content\/uploads\/2017\/09\/AMR_3279-1024x641.jpg 1024w\" sizes=\"auto, (max-width: 150px) 100vw, 150px\" \/><\/a>\n\t\t\t<\/div><\/figure><figure class='gallery-item'>\n\t\t\t<div class='gallery-icon landscape'>\n\t\t\t\t<a href='https:\/\/archive.sana.sy\/tr\/wp-content\/uploads\/2017\/09\/AMR_3280.jpg'><img loading=\"lazy\" decoding=\"async\" width=\"150\" height=\"100\" src=\"https:\/\/archive.sana.sy\/tr\/wp-content\/uploads\/2017\/09\/AMR_3280-150x100.jpg\" class=\"attachment-thumbnail size-thumbnail\" alt=\"\" srcset=\"https:\/\/archive.sana.sy\/tr\/wp-content\/uploads\/2017\/09\/AMR_3280-150x100.jpg 150w, https:\/\/archive.sana.sy\/tr\/wp-content\/uploads\/2017\/09\/AMR_3280-300x200.jpg 300w, https:\/\/archive.sana.sy\/tr\/wp-content\/uploads\/2017\/09\/AMR_3280-768x511.jpg 768w, https:\/\/archive.sana.sy\/tr\/wp-content\/uploads\/2017\/09\/AMR_3280-1024x681.jpg 1024w, https:\/\/archive.sana.sy\/tr\/wp-content\/uploads\/2017\/09\/AMR_3280-310x205.jpg 310w\" sizes=\"auto, (max-width: 150px) 100vw, 150px\" \/><\/a>\n\t\t\t<\/div><\/figure>\n\t\t<\/div>\n\n","protected":false},"excerpt":{"rendered":"<p>\u015eAM \u2013 Birinci Be\u015feri Kalk\u0131nma Gen\u00e7lik Konferans\u0131 bug\u00fcn \u015eam \u00dcniversitesi Rekt\u00f6rl\u00fc\u011f\u00fcndeki konferans salonunda Cumhurba\u015fkan\u0131 Be\u015f\u015far el Esad\u2019\u0131n g\u00f6zetimi alt\u0131nda \u2018Yarat\u0131c\u0131 Gen\u00e7lik.. \u00d6nc\u00fc Kurumlar\u2019 slogan\u0131 alt\u0131nda faaliyetlerine ba\u015flad\u0131. \u0130dari Kalk\u0131nma Bakanl\u0131\u011f\u0131 ve Ulusal \u00d6\u011frenci Birli\u011finin i\u015fbirli\u011fi ile d\u00fczenlenen konferansa e\u011fitim ve enformasyon bakanlar\u0131n\u0131n yan\u0131 s\u0131ra sanatsal, gen\u00e7lik, k\u00fclt\u00fcrel, kalk\u0131nsal ve muhtelif sivil toplum faaliyetleri kat\u0131ld\u0131. \u0130dari &hellip;<\/p>\n","protected":false},"author":1,"featured_media":124132,"comment_status":"closed","ping_status":"closed","sticky":false,"template":"","format":"standard","meta":{"footnotes":""},"categories":[596,526,479,17988,525,478],"tags":[19968,20113,32335,31429,16591,13043,5667,22181],"class_list":["post-124123","post","type-post","status-publish","format-standard","has-post-thumbnail","","category-fotografli-raporlar","category-haber-ve-raporlar","category-haberler-yerel","category-son-haberler","category-toplum","category-yerel","tag-bessar-esad","tag-esad","tag-genclerin-rolu","tag-idari-kalkinma","tag-suriye","tag-suriye-halki","tag-suriyeli-gencler","tag-suriyeliler"],"_links":{"self":[{"href":"https:\/\/archive.sana.sy\/tr\/index.php?rest_route=\/wp\/v2\/posts\/124123","targetHints":{"allow":["GET"]}}],"collection":[{"href":"https:\/\/archive.sana.sy\/tr\/index.php?rest_route=\/wp\/v2\/posts"}],"about":[{"href":"https:\/\/archive.sana.sy\/tr\/index.php?rest_route=\/wp\/v2\/types\/post"}],"author":[{"embeddable":true,"href":"https:\/\/archive.sana.sy\/tr\/index.php?rest_route=\/wp\/v2\/users\/1"}],"replies":[{"embeddable":true,"href":"https:\/\/archive.sana.sy\/tr\/index.php?rest_route=%2Fwp%2Fv2%2Fcomments&post=124123"}],"version-history":[{"count":0,"href":"https:\/\/archive.sana.sy\/tr\/index.php?rest_route=\/wp\/v2\/posts\/124123\/revisions"}],"wp:featuredmedia":[{"embeddable":true,"href":"https:\/\/archive.sana.sy\/tr\/index.php?rest_route=\/wp\/v2\/media\/124132"}],"wp:attachment":[{"href":"https:\/\/archive.sana.sy\/tr\/index.php?rest_route=%2Fwp%2Fv2%2Fmedia&parent=124123"}],"wp:term":[{"taxonomy":"category","embeddable":true,"href":"https:\/\/archive.sana.sy\/tr\/index.php?rest_route=%2Fwp%2Fv2%2Fcategories&post=124123"},{"taxonomy":"post_tag","embeddable":true,"href":"https:\/\/archive.sana.sy\/tr\/index.php?rest_route=%2Fwp%2Fv2%2Ftags&post=124123"}],"curies":[{"name":"wp","href":"https:\/\/api.w.org\/{rel}","templated":true}]}}