{"id":12415,"date":"2014-10-05T14:58:38","date_gmt":"2014-10-05T11:58:38","guid":{"rendered":"http:\/\/www.sanasyria.org\/tr\/?p=12415"},"modified":"2014-10-05T14:58:38","modified_gmt":"2014-10-05T11:58:38","slug":"turkiye-siyasi-ekonomik-ve-guvenlik-acidan-bedel-odeyecek","status":"publish","type":"post","link":"https:\/\/archive.sana.sy\/tr\/?p=12415","title":{"rendered":"T\u00fcrkiye Siyasi, Ekonomik ve G\u00fcvenlik A\u00e7\u0131dan Bedel \u00d6deyecek"},"content":{"rendered":"<p>TAHRAN \u2013 \u0130ran \u015eura Meclisinde Milli G\u00fcvenlik ve D\u0131\u015f Politika Komitesi Ba\u015fkan\u0131 Hakikat Bor; T\u00fcrkiye Parlamentosunun Adalet ve Kalk\u0131nma Partisine T\u00fcrk ordusunu T\u00fcrkiye s\u0131n\u0131rlar\u0131 d\u0131\u015f\u0131nda askeri operasyonlarda bulunmaya g\u00f6nderme yetkisi veren tezkereyi onaylamas\u0131n\u0131 \u2018stratejik bir hata\u2019 olarak nitelendirdi.<\/p>\n<p>Hakikat Bor bug\u00fcn RT Kanal\u0131na yapt\u0131\u011f\u0131 a\u00e7\u0131klamada; T\u00fcrkiye&#8217;nin bu karar\u0131n\u0131n Ankara\u2019y\u0131 may\u0131n tarlas\u0131na s\u00fcr\u00fckleyece\u011fini ifade ederken, T\u00fcrkiye&#8217;nin Suriye ve Irak\u2019ta bulunaca\u011f\u0131 her m\u00fcdahalenin bedelini siyasi, ekonomik ve g\u00fcvenlik a\u00e7\u0131dan bedelini kesinlikle \u00f6deyece\u011fini vurgulad\u0131.<\/p>\n","protected":false},"excerpt":{"rendered":"<p>TAHRAN \u2013 \u0130ran \u015eura Meclisinde Milli G\u00fcvenlik ve D\u0131\u015f Politika Komitesi Ba\u015fkan\u0131 Hakikat Bor; T\u00fcrkiye Parlamentosunun Adalet ve Kalk\u0131nma Partisine T\u00fcrk ordusunu T\u00fcrkiye s\u0131n\u0131rlar\u0131 d\u0131\u015f\u0131nda askeri operasyonlarda bulunmaya g\u00f6nderme yetkisi veren tezkereyi onaylamas\u0131n\u0131 \u2018stratejik bir hata\u2019 olarak nitelendirdi. Hakikat Bor bug\u00fcn RT Kanal\u0131na yapt\u0131\u011f\u0131 a\u00e7\u0131klamada; T\u00fcrkiye&#8217;nin bu karar\u0131n\u0131n Ankara\u2019y\u0131 may\u0131n tarlas\u0131na s\u00fcr\u00fckleyece\u011fini ifade ederken, T\u00fcrkiye&#8217;nin &hellip;<\/p>\n","protected":false},"author":1,"featured_media":12416,"comment_status":"closed","ping_status":"closed","sticky":false,"template":"","format":"standard","meta":{"footnotes":""},"categories":[458,459,447,2554,2555],"tags":[3185,3187,3184,3186],"class_list":["post-12415","post","type-post","status-publish","format-standard","has-post-thumbnail","","category-dunya1","category-haberler-arap-uluslararasi-politika","category-politika","category-suriye-ve-dunya","category-suriye-ve-turkiye","tag-ekonomik-ve-guvenlik-acidan-bedel-odeyecek-tahran-iran-sura-meclisinde-milli-guvenlik-ve-dis-politika-komitesi-baskani-hakikat-bor-turkiye-parlamentosunun-adalet-ve-kalkinma-partisine-turk","tag-ekonomik-ve-guvenlik-acidan-bedelini-kesinlikle-odeyecegini-vurguladi","tag-turkiye-siyasi","tag-turkiyenin-suriye-ve-irakta-bulunacagi-her-mudahalenin-bedelini-siyasi"],"_links":{"self":[{"href":"https:\/\/archive.sana.sy\/tr\/index.php?rest_route=\/wp\/v2\/posts\/12415","targetHints":{"allow":["GET"]}}],"collection":[{"href":"https:\/\/archive.sana.sy\/tr\/index.php?rest_route=\/wp\/v2\/posts"}],"about":[{"href":"https:\/\/archive.sana.sy\/tr\/index.php?rest_route=\/wp\/v2\/types\/post"}],"author":[{"embeddable":true,"href":"https:\/\/archive.sana.sy\/tr\/index.php?rest_route=\/wp\/v2\/users\/1"}],"replies":[{"embeddable":true,"href":"https:\/\/archive.sana.sy\/tr\/index.php?rest_route=%2Fwp%2Fv2%2Fcomments&post=12415"}],"version-history":[{"count":0,"href":"https:\/\/archive.sana.sy\/tr\/index.php?rest_route=\/wp\/v2\/posts\/12415\/revisions"}],"wp:featuredmedia":[{"embeddable":true,"href":"https:\/\/archive.sana.sy\/tr\/index.php?rest_route=\/wp\/v2\/media\/12416"}],"wp:attachment":[{"href":"https:\/\/archive.sana.sy\/tr\/index.php?rest_route=%2Fwp%2Fv2%2Fmedia&parent=12415"}],"wp:term":[{"taxonomy":"category","embeddable":true,"href":"https:\/\/archive.sana.sy\/tr\/index.php?rest_route=%2Fwp%2Fv2%2Fcategories&post=12415"},{"taxonomy":"post_tag","embeddable":true,"href":"https:\/\/archive.sana.sy\/tr\/index.php?rest_route=%2Fwp%2Fv2%2Ftags&post=12415"}],"curies":[{"name":"wp","href":"https:\/\/api.w.org\/{rel}","templated":true}]}}