{"id":124173,"date":"2017-09-10T14:16:42","date_gmt":"2017-09-10T11:16:42","guid":{"rendered":"http:\/\/www.sana.sy\/tr\/?p=124173"},"modified":"2017-09-11T14:59:10","modified_gmt":"2017-09-11T11:59:10","slug":"hasekeden-bu-sezon-160-bin-ton-tahil-alindi","status":"publish","type":"post","link":"https:\/\/archive.sana.sy\/tr\/?p=124173","title":{"rendered":"Haseke\u2019den Bu Sezon 160 Bin Ton Tah\u0131l Al\u0131nd\u0131"},"content":{"rendered":"<p>HASEKE \u2013 Tah\u0131l \u00dcretim ve Ticaret Kamu Kurumu bu sezon Haseke ilinden sat\u0131n al\u0131nan toplam tah\u0131l miktar\u0131n\u0131n 160 bin ton oldu\u011funu belirtti.<\/p>\n<p>Kurumun Haseke \u0130l M\u00fcd\u00fcr\u00fc Ubeyda Ali SANA\u2019ya yapt\u0131\u011f\u0131 a\u00e7\u0131klamada; kuruma tabi merkezlerin \u00e7ift\u00e7ilerden tah\u0131l sat\u0131n alma i\u015flemlerini haftada iki g\u00fcn olarak devam etti\u011fini a\u00e7\u0131klad\u0131.<\/p>\n<p>Kurumun \u015fu ana dek kesilen t\u00fcm faturalar\u0131n paras\u0131n\u0131 \u00e7ift\u00e7ilere \u00f6demeleri amac\u0131yla banka \u015fubelerine havale etti\u011fini belirten Ali; \u015fu ana dek Haseke \u00e7ift\u00e7ilerine kuruma satt\u0131klar\u0131 bu\u011fday kar\u015f\u0131l\u0131\u011f\u0131nda 23 milyar 606 milyon liran\u0131n \u00f6dendi\u011fini kaydetti.<\/p>\n<p>Bilindi\u011fi \u00fczere kurumun ge\u00e7en sezon Haseke \u00e7ift\u00e7ilerinden sat\u0131n ald\u0131\u011f\u0131 tah\u0131l miktar\u0131 340 bin tonu bulmu\u015ftu.<\/p>\n","protected":false},"excerpt":{"rendered":"<p>HASEKE \u2013 Tah\u0131l \u00dcretim ve Ticaret Kamu Kurumu bu sezon Haseke ilinden sat\u0131n al\u0131nan toplam tah\u0131l miktar\u0131n\u0131n 160 bin ton oldu\u011funu belirtti. Kurumun Haseke \u0130l M\u00fcd\u00fcr\u00fc Ubeyda Ali SANA\u2019ya yapt\u0131\u011f\u0131 a\u00e7\u0131klamada; kuruma tabi merkezlerin \u00e7ift\u00e7ilerden tah\u0131l sat\u0131n alma i\u015flemlerini haftada iki g\u00fcn olarak devam etti\u011fini a\u00e7\u0131klad\u0131. Kurumun \u015fu ana dek kesilen t\u00fcm faturalar\u0131n paras\u0131n\u0131 \u00e7ift\u00e7ilere &hellip;<\/p>\n","protected":false},"author":1,"featured_media":124185,"comment_status":"closed","ping_status":"closed","sticky":false,"template":"","format":"standard","meta":{"footnotes":""},"categories":[485,486,17988],"tags":[1140,19954,16591,29874,31055,22181,22217,30010,29964],"class_list":["post-124173","post","type-post","status-publish","format-standard","has-post-thumbnail","","category-is-ve-sermaye","category-haberler-is-ve-sermaye","category-son-haberler","tag-haseke","tag-kamisli","tag-suriye","tag-suriye-bugdayi","tag-suriye-tahili","tag-suriyeliler","tag-tahil","tag-tahil-ticareti","tag-tahil-uretimi"],"_links":{"self":[{"href":"https:\/\/archive.sana.sy\/tr\/index.php?rest_route=\/wp\/v2\/posts\/124173","targetHints":{"allow":["GET"]}}],"collection":[{"href":"https:\/\/archive.sana.sy\/tr\/index.php?rest_route=\/wp\/v2\/posts"}],"about":[{"href":"https:\/\/archive.sana.sy\/tr\/index.php?rest_route=\/wp\/v2\/types\/post"}],"author":[{"embeddable":true,"href":"https:\/\/archive.sana.sy\/tr\/index.php?rest_route=\/wp\/v2\/users\/1"}],"replies":[{"embeddable":true,"href":"https:\/\/archive.sana.sy\/tr\/index.php?rest_route=%2Fwp%2Fv2%2Fcomments&post=124173"}],"version-history":[{"count":0,"href":"https:\/\/archive.sana.sy\/tr\/index.php?rest_route=\/wp\/v2\/posts\/124173\/revisions"}],"wp:featuredmedia":[{"embeddable":true,"href":"https:\/\/archive.sana.sy\/tr\/index.php?rest_route=\/wp\/v2\/media\/124185"}],"wp:attachment":[{"href":"https:\/\/archive.sana.sy\/tr\/index.php?rest_route=%2Fwp%2Fv2%2Fmedia&parent=124173"}],"wp:term":[{"taxonomy":"category","embeddable":true,"href":"https:\/\/archive.sana.sy\/tr\/index.php?rest_route=%2Fwp%2Fv2%2Fcategories&post=124173"},{"taxonomy":"post_tag","embeddable":true,"href":"https:\/\/archive.sana.sy\/tr\/index.php?rest_route=%2Fwp%2Fv2%2Ftags&post=124173"}],"curies":[{"name":"wp","href":"https:\/\/api.w.org\/{rel}","templated":true}]}}