{"id":124178,"date":"2017-09-10T13:53:16","date_gmt":"2017-09-10T10:53:16","guid":{"rendered":"http:\/\/www.sana.sy\/tr\/?p=124178"},"modified":"2017-09-11T14:58:15","modified_gmt":"2017-09-11T11:58:15","slug":"kirsal-kadin-projelerine-destek-talep-edildi","status":"publish","type":"post","link":"https:\/\/archive.sana.sy\/tr\/?p=124178","title":{"rendered":"K\u0131rsal Kad\u0131n Projelerine Destek Talep Edildi"},"content":{"rendered":"<p>\u015eAM \u2013 \u00c7ift\u00e7iler Federasyonu Genel Kurulu bug\u00fcn Ba\u015fbakan \u0130mad Hamis ba\u015fkanl\u0131\u011f\u0131nda 2017 y\u0131l\u0131n\u0131n ilk devre toplant\u0131lar\u0131na ba\u015flad\u0131.<\/p>\n<p>Baas Partisi ulusal merkez y\u00f6netim kurulunda \u00e7ift\u00e7iler ofisi ba\u015fkan\u0131 Hammuda el Sabba\u011f\u2019\u0131n da kat\u0131ld\u0131\u011f\u0131 toplant\u0131larda \u00e7ift\u00e7iler veterinerlik ila\u00e7lar\u0131 ve a\u015f\u0131lar\u0131n\u0131n temin edilmesi talebinde bulundular. Tar\u0131m sekt\u00f6r\u00fcndeki sulama suyu temini i\u00e7in su barajlar\u0131n\u0131n kurulmas\u0131n\u0131 da talep eden kat\u0131l\u0131mc\u0131lar; tar\u0131m \u00fcretimini destekleme fonlar\u0131n\u0131n da etkinle\u015ftirilme gere\u011finin alt\u0131n\u0131 \u00e7izdiler. Kat\u0131l\u0131mc\u0131lar tar\u0131m mahsullerinin bir k\u0131s\u0131m vergi ve har\u00e7lardan muaf tutulmas\u0131n\u0131, k\u0131rsal kad\u0131nlar\u0131n \u00fcretim projelerine de gerekli deste\u011fin temin edilmesini istediler.<\/p>\n<p>Toplant\u0131larda \u00c7ift\u00e7iler Federasyonunun yar\u0131 y\u0131l \u00e7al\u0131\u015fma raporu ayr\u0131nt\u0131lar\u0131yla tart\u0131\u015f\u0131l\u0131rken, yat\u0131r\u0131m b\u00fct\u00e7esi, sezonsal \u00fcretim durumu ve \u00f6zellikle bu\u011fday olmak \u00fczere tah\u0131l pazarlama durumu ele al\u0131n\u0131yor.<\/p>\n","protected":false},"excerpt":{"rendered":"<p>\u015eAM \u2013 \u00c7ift\u00e7iler Federasyonu Genel Kurulu bug\u00fcn Ba\u015fbakan \u0130mad Hamis ba\u015fkanl\u0131\u011f\u0131nda 2017 y\u0131l\u0131n\u0131n ilk devre toplant\u0131lar\u0131na ba\u015flad\u0131. Baas Partisi ulusal merkez y\u00f6netim kurulunda \u00e7ift\u00e7iler ofisi ba\u015fkan\u0131 Hammuda el Sabba\u011f\u2019\u0131n da kat\u0131ld\u0131\u011f\u0131 toplant\u0131larda \u00e7ift\u00e7iler veterinerlik ila\u00e7lar\u0131 ve a\u015f\u0131lar\u0131n\u0131n temin edilmesi talebinde bulundular. Tar\u0131m sekt\u00f6r\u00fcndeki sulama suyu temini i\u00e7in su barajlar\u0131n\u0131n kurulmas\u0131n\u0131 da talep eden kat\u0131l\u0131mc\u0131lar; tar\u0131m &hellip;<\/p>\n","protected":false},"author":1,"featured_media":124179,"comment_status":"closed","ping_status":"closed","sticky":false,"template":"","format":"standard","meta":{"footnotes":""},"categories":[479,17988,478],"tags":[18703,31786,21934,16591,30514,24077,22181],"class_list":["post-124178","post","type-post","status-publish","format-standard","has-post-thumbnail","","category-haberler-yerel","category-son-haberler","category-yerel","tag-basbakan","tag-ciftciler-federasyonu","tag-imad-hamis","tag-suriye","tag-suriye-ciftcileri","tag-suriyede-tarim","tag-suriyeliler"],"_links":{"self":[{"href":"https:\/\/archive.sana.sy\/tr\/index.php?rest_route=\/wp\/v2\/posts\/124178","targetHints":{"allow":["GET"]}}],"collection":[{"href":"https:\/\/archive.sana.sy\/tr\/index.php?rest_route=\/wp\/v2\/posts"}],"about":[{"href":"https:\/\/archive.sana.sy\/tr\/index.php?rest_route=\/wp\/v2\/types\/post"}],"author":[{"embeddable":true,"href":"https:\/\/archive.sana.sy\/tr\/index.php?rest_route=\/wp\/v2\/users\/1"}],"replies":[{"embeddable":true,"href":"https:\/\/archive.sana.sy\/tr\/index.php?rest_route=%2Fwp%2Fv2%2Fcomments&post=124178"}],"version-history":[{"count":0,"href":"https:\/\/archive.sana.sy\/tr\/index.php?rest_route=\/wp\/v2\/posts\/124178\/revisions"}],"wp:featuredmedia":[{"embeddable":true,"href":"https:\/\/archive.sana.sy\/tr\/index.php?rest_route=\/wp\/v2\/media\/124179"}],"wp:attachment":[{"href":"https:\/\/archive.sana.sy\/tr\/index.php?rest_route=%2Fwp%2Fv2%2Fmedia&parent=124178"}],"wp:term":[{"taxonomy":"category","embeddable":true,"href":"https:\/\/archive.sana.sy\/tr\/index.php?rest_route=%2Fwp%2Fv2%2Fcategories&post=124178"},{"taxonomy":"post_tag","embeddable":true,"href":"https:\/\/archive.sana.sy\/tr\/index.php?rest_route=%2Fwp%2Fv2%2Ftags&post=124178"}],"curies":[{"name":"wp","href":"https:\/\/api.w.org\/{rel}","templated":true}]}}