{"id":124181,"date":"2017-09-10T14:05:16","date_gmt":"2017-09-10T11:05:16","guid":{"rendered":"http:\/\/www.sana.sy\/tr\/?p=124181"},"modified":"2017-09-11T14:59:15","modified_gmt":"2017-09-11T11:59:15","slug":"idari-reform-genclik-konferansinda-tartisiliyor","status":"publish","type":"post","link":"https:\/\/archive.sana.sy\/tr\/?p=124181","title":{"rendered":"\u0130dari Reform Gen\u00e7lik Konferans\u0131nda Tart\u0131\u015f\u0131l\u0131yor"},"content":{"rendered":"<p>\u015eAM \u2013 \u0130dari Kalk\u0131nma ve Ulusal \u00d6\u011frenci Birli\u011finin ortak \u00e7al\u0131\u015fmalar\u0131yla \u015eam \u00dcniversitesinde d\u00fczenlenen 1. Gen\u00e7lik Be\u015feri Kalk\u0131nma Konferans\u0131n\u0131n ikinci g\u00fcn \u00e7al\u0131\u015fmalar\u0131nda idari reform ama\u00e7l\u0131 ulusal proje tart\u0131\u015f\u0131ld\u0131.<\/p>\n<p>\u0130kinci g\u00fcn\u00fcn ilk toplant\u0131s\u0131nda kamu kurumlar\u0131nda idari performans kriterleri \u00fczerinde odaklan\u0131ld\u0131.<\/p>\n<p>Kamu kurumlar\u0131 ve idarenin geli\u015ftirilmesinin yan\u0131 s\u0131ra gen\u00e7lerin bu ba\u011flamda katk\u0131da bulunmalar\u0131, g\u00f6r\u00fc\u015f al\u0131\u015fveri\u015fi ve \u00f6nerilerin ortaya konulmas\u0131nda ciddi bir \u00f6nem ta\u015f\u0131yan konferansta hem vatanda\u015flar\u0131n hem de devlet personellerinin \u00e7\u0131karlar\u0131na hizmet edecek \u015fekilde idari reformun yap\u0131lmas\u0131 \u00f6neminin alt\u0131 \u00e7izildi. Kat\u0131l\u0131mc\u0131lar kamusal \u00e7al\u0131\u015fmalar\u0131n nitelik a\u00e7\u0131s\u0131ndan iyile\u015ftirilmesinin, vatanda\u015fa hizmet kalitesini de iyile\u015ftirece\u011fine dikkat \u00e7ekti.<\/p>\n","protected":false},"excerpt":{"rendered":"<p>\u015eAM \u2013 \u0130dari Kalk\u0131nma ve Ulusal \u00d6\u011frenci Birli\u011finin ortak \u00e7al\u0131\u015fmalar\u0131yla \u015eam \u00dcniversitesinde d\u00fczenlenen 1. Gen\u00e7lik Be\u015feri Kalk\u0131nma Konferans\u0131n\u0131n ikinci g\u00fcn \u00e7al\u0131\u015fmalar\u0131nda idari reform ama\u00e7l\u0131 ulusal proje tart\u0131\u015f\u0131ld\u0131. \u0130kinci g\u00fcn\u00fcn ilk toplant\u0131s\u0131nda kamu kurumlar\u0131nda idari performans kriterleri \u00fczerinde odaklan\u0131ld\u0131. Kamu kurumlar\u0131 ve idarenin geli\u015ftirilmesinin yan\u0131 s\u0131ra gen\u00e7lerin bu ba\u011flamda katk\u0131da bulunmalar\u0131, g\u00f6r\u00fc\u015f al\u0131\u015fveri\u015fi ve \u00f6nerilerin ortaya &hellip;<\/p>\n","protected":false},"author":1,"featured_media":124182,"comment_status":"closed","ping_status":"closed","sticky":false,"template":"","format":"standard","meta":{"footnotes":""},"categories":[479,17988,478],"tags":[30253,32343,18782,16591,5667,22181],"class_list":["post-124181","post","type-post","status-publish","format-standard","has-post-thumbnail","","category-haberler-yerel","category-son-haberler","category-yerel","tag-idari-reform","tag-ogrenciler-birligi","tag-sam-universitesi","tag-suriye","tag-suriyeli-gencler","tag-suriyeliler"],"_links":{"self":[{"href":"https:\/\/archive.sana.sy\/tr\/index.php?rest_route=\/wp\/v2\/posts\/124181","targetHints":{"allow":["GET"]}}],"collection":[{"href":"https:\/\/archive.sana.sy\/tr\/index.php?rest_route=\/wp\/v2\/posts"}],"about":[{"href":"https:\/\/archive.sana.sy\/tr\/index.php?rest_route=\/wp\/v2\/types\/post"}],"author":[{"embeddable":true,"href":"https:\/\/archive.sana.sy\/tr\/index.php?rest_route=\/wp\/v2\/users\/1"}],"replies":[{"embeddable":true,"href":"https:\/\/archive.sana.sy\/tr\/index.php?rest_route=%2Fwp%2Fv2%2Fcomments&post=124181"}],"version-history":[{"count":0,"href":"https:\/\/archive.sana.sy\/tr\/index.php?rest_route=\/wp\/v2\/posts\/124181\/revisions"}],"wp:featuredmedia":[{"embeddable":true,"href":"https:\/\/archive.sana.sy\/tr\/index.php?rest_route=\/wp\/v2\/media\/124182"}],"wp:attachment":[{"href":"https:\/\/archive.sana.sy\/tr\/index.php?rest_route=%2Fwp%2Fv2%2Fmedia&parent=124181"}],"wp:term":[{"taxonomy":"category","embeddable":true,"href":"https:\/\/archive.sana.sy\/tr\/index.php?rest_route=%2Fwp%2Fv2%2Fcategories&post=124181"},{"taxonomy":"post_tag","embeddable":true,"href":"https:\/\/archive.sana.sy\/tr\/index.php?rest_route=%2Fwp%2Fv2%2Ftags&post=124181"}],"curies":[{"name":"wp","href":"https:\/\/api.w.org\/{rel}","templated":true}]}}