{"id":124187,"date":"2017-09-10T17:00:58","date_gmt":"2017-09-10T14:00:58","guid":{"rendered":"http:\/\/www.sana.sy\/tr\/?p=124187"},"modified":"2017-09-11T14:57:58","modified_gmt":"2017-09-11T11:57:58","slug":"suriyeli-muhalifler-yada-osonun-kovulmalari-icin-dava-actilar","status":"publish","type":"post","link":"https:\/\/archive.sana.sy\/tr\/?p=124187","title":{"rendered":"Suriyeli \u2018Muhalifler\u2019 yada \u2018\u00d6SO\u2019nun Kovulmalar\u0131 \u0130\u00e7in Dava A\u00e7t\u0131lar"},"content":{"rendered":"<p>KAH\u0130RE \u2013 M\u0131s\u0131r\u2019da Suriye halk\u0131yla dayan\u0131\u015fma ama\u00e7l\u0131 halk komitesinin bas\u0131n sorumlusu Dua Salih ve M\u0131s\u0131rl\u0131 Avukat Muhammed Ebu Zeyd Suriyeli \u2018muhalifler\u2019 ve \u2018\u00d6SO\u2019 ad\u0131yla bilinen olu\u015fumlar\u0131n M\u0131s\u0131r\u2019dan uzakla\u015ft\u0131r\u0131lmalar\u0131n\u0131 talep eden mahkeme davalar\u0131 a\u00e7t\u0131lar.<\/p>\n<p>Komitenin bas\u0131n sorumlusu Salih SANA\u2019n\u0131n Kahire\u2019deki muhabirine verdi\u011fi deme\u00e7te; M\u0131s\u0131r\u2019da \u0130dari Yarg\u0131 Mahkemesinde a\u00e7\u0131lan iki ayr\u0131 davada devrik M\u0131s\u0131r ba\u015fkan\u0131 ihvanc\u0131 Muhammed Mursi\u2019nin Suriye ile diplomatik ili\u015fkilerin kesilmesini \u00f6ng\u00f6ren karar\u0131n\u0131n iptal edilmesinin talep edildi\u011fini belirtti. Salih mahkeme davalar\u0131nda Suriye ile t\u00fcm diplomatik ili\u015fkilerin derhal ba\u015flat\u0131lmas\u0131n\u0131n da talep edildi\u011fi a\u00e7\u0131klad\u0131.<\/p>\n<p>Belli ba\u015fl\u0131 taraflar\u0131n sahte g\u00f6r\u00fcnt\u00fcler ve as\u0131ls\u0131z iddialarla ger\u00e7ekleri \u00e7arp\u0131tmalar\u0131yla Arap ve d\u00fcnya kamuoyunda \u00f6zellikle gen\u00e7ler olmak \u00fczere bir k\u0131s\u0131m insanlar\u0131n kand\u0131klar\u0131na i\u015faret eden Salih; Suriye&#8217;de s\u00f6z\u00fcm ona devrim, demokrasi, insan haklar\u0131 u\u011fruna sava\u015f\u0131ld\u0131\u011f\u0131n\u0131, diktat\u00f6r bir rejimden kurtulmak istendi\u011fi s\u00f6ylemlerinin ger\u00e7ekle hi\u00e7bir ilgisi olmad\u0131\u011f\u0131n\u0131n alt\u0131n\u0131 \u00e7izdi. Salih t\u00fcm bunlar\u0131n asl\u0131 ger\u00e7e\u011fi olmad\u0131\u011f\u0131 gibi Suriye ve halk\u0131na evrensel ve muhtelif y\u00f6nl\u00fc bir sava\u015f dayat\u0131ld\u0131\u011f\u0131n\u0131, bu sava\u015fta da hayal bile edilemeyecek b\u00fcy\u00fck paralarla ter\u00f6r\u00fcn edat olarak kullan\u0131ld\u0131\u011f\u0131n\u0131 vurgulad\u0131.<\/p>\n<p>Suriye ve halk\u0131n\u0131 hedef alan bu sava\u015f\u0131n t\u00fcm b\u00f6lge halklar\u0131n\u0131 da hedef ald\u0131\u011f\u0131n\u0131 belirten Salih; dolay\u0131s\u0131yla bunun kar\u015f\u0131s\u0131nda art\u0131k sessiz kalman\u0131n m\u00fcmk\u00fcn olmad\u0131\u011f\u0131n\u0131 ifade etti.<\/p>\n<p>Salih bunun g\u00f6lgesinde kendilerine \u2018muhalifler\u2019 ad\u0131 veren, ya da \u2018\u00d6SO\u2019 (\u00d6zg\u00fcr Suriye Ordusu) olarak bilinen olu\u015fumlara tabi olanlar\u0131n M\u0131s\u0131r\u2019dan uzakla\u015ft\u0131r\u0131lmalar\u0131n\u0131n M\u0131s\u0131r halk\u0131 ve t\u00fcm b\u00f6lge halk\u0131n\u0131n g\u00fcvenlik ve istikrar\u0131 a\u00e7\u0131s\u0131ndan mutlak bir gereklilik oldu\u011funun alt\u0131n\u0131 \u00e7izdi.<\/p>\n<p>Salih bundan dolay\u0131 da Avukat Ebu Zeyd ile birlikte M\u0131s\u0131r\u2019da \u0130dari Yarg\u0131 Mahkemesinde iki ayr\u0131 dava a\u00e7t\u0131klar\u0131n\u0131n a\u00e7\u0131klad\u0131.<\/p>\n","protected":false},"excerpt":{"rendered":"<p>KAH\u0130RE \u2013 M\u0131s\u0131r\u2019da Suriye halk\u0131yla dayan\u0131\u015fma ama\u00e7l\u0131 halk komitesinin bas\u0131n sorumlusu Dua Salih ve M\u0131s\u0131rl\u0131 Avukat Muhammed Ebu Zeyd Suriyeli \u2018muhalifler\u2019 ve \u2018\u00d6SO\u2019 ad\u0131yla bilinen olu\u015fumlar\u0131n M\u0131s\u0131r\u2019dan uzakla\u015ft\u0131r\u0131lmalar\u0131n\u0131 talep eden mahkeme davalar\u0131 a\u00e7t\u0131lar. Komitenin bas\u0131n sorumlusu Salih SANA\u2019n\u0131n Kahire\u2019deki muhabirine verdi\u011fi deme\u00e7te; M\u0131s\u0131r\u2019da \u0130dari Yarg\u0131 Mahkemesinde a\u00e7\u0131lan iki ayr\u0131 davada devrik M\u0131s\u0131r ba\u015fkan\u0131 ihvanc\u0131 Muhammed &hellip;<\/p>\n","protected":false},"author":1,"featured_media":124196,"comment_status":"closed","ping_status":"closed","sticky":false,"template":"","format":"standard","meta":{"footnotes":""},"categories":[458,459,17988],"tags":[18622,32347,18723,18347,20427,16591,25594,25091,19034,22181,32348],"class_list":["post-124187","post","type-post","status-publish","format-standard","has-post-thumbnail","","category-dunya1","category-haberler-arap-uluslararasi-politika","category-son-haberler","tag-bolge-istikrari","tag-diplomatik-iliskiler","tag-muhalifler","tag-oso","tag-ozgur-ordu","tag-suriye","tag-suriye-ile-dayanisma","tag-suriye-ve-misir","tag-suriyeli-muhalifler","tag-suriyeliler","tag-ulkeden-kovma"],"_links":{"self":[{"href":"https:\/\/archive.sana.sy\/tr\/index.php?rest_route=\/wp\/v2\/posts\/124187","targetHints":{"allow":["GET"]}}],"collection":[{"href":"https:\/\/archive.sana.sy\/tr\/index.php?rest_route=\/wp\/v2\/posts"}],"about":[{"href":"https:\/\/archive.sana.sy\/tr\/index.php?rest_route=\/wp\/v2\/types\/post"}],"author":[{"embeddable":true,"href":"https:\/\/archive.sana.sy\/tr\/index.php?rest_route=\/wp\/v2\/users\/1"}],"replies":[{"embeddable":true,"href":"https:\/\/archive.sana.sy\/tr\/index.php?rest_route=%2Fwp%2Fv2%2Fcomments&post=124187"}],"version-history":[{"count":0,"href":"https:\/\/archive.sana.sy\/tr\/index.php?rest_route=\/wp\/v2\/posts\/124187\/revisions"}],"wp:featuredmedia":[{"embeddable":true,"href":"https:\/\/archive.sana.sy\/tr\/index.php?rest_route=\/wp\/v2\/media\/124196"}],"wp:attachment":[{"href":"https:\/\/archive.sana.sy\/tr\/index.php?rest_route=%2Fwp%2Fv2%2Fmedia&parent=124187"}],"wp:term":[{"taxonomy":"category","embeddable":true,"href":"https:\/\/archive.sana.sy\/tr\/index.php?rest_route=%2Fwp%2Fv2%2Fcategories&post=124187"},{"taxonomy":"post_tag","embeddable":true,"href":"https:\/\/archive.sana.sy\/tr\/index.php?rest_route=%2Fwp%2Fv2%2Ftags&post=124187"}],"curies":[{"name":"wp","href":"https:\/\/api.w.org\/{rel}","templated":true}]}}