{"id":124199,"date":"2017-09-11T13:45:22","date_gmt":"2017-09-11T10:45:22","guid":{"rendered":"http:\/\/www.sana.sy\/tr\/?p=124199"},"modified":"2017-09-12T16:31:38","modified_gmt":"2017-09-12T13:31:38","slug":"deyrezzorun-bos-milletvekilleri-sandalyeleri-doldurulacak","status":"publish","type":"post","link":"https:\/\/archive.sana.sy\/tr\/?p=124199","title":{"rendered":"Deyrezzor\u2019un Bo\u015f Milletvekilleri Sandalyeleri Doldurulacak"},"content":{"rendered":"<p>\u015eAM \u2013 Cumhurba\u015fkan\u0131 Be\u015f\u015far el Esad bug\u00fcn Halk Meclisinde Deyrezzor \u0130li milletvekillerinin bo\u015f sandalyelerini doldurma ama\u00e7l\u0131 yasama se\u00e7imlerinin yap\u0131lmas\u0131n\u0131 \u00f6ng\u00f6ren 2017\/272 say\u0131l\u0131 kararnameyi onaylad\u0131.<\/p>\n<p>Kararname gere\u011fince Halk Meclisinde Deyrezzor \u0130li milletvekillerine ait bo\u015f sandalyelerin doldurulmas\u0131 i\u00e7in 30 Eyl\u00fcl tarihinde yasama se\u00e7imleri yap\u0131lacak.<\/p>\n","protected":false},"excerpt":{"rendered":"<p>\u015eAM \u2013 Cumhurba\u015fkan\u0131 Be\u015f\u015far el Esad bug\u00fcn Halk Meclisinde Deyrezzor \u0130li milletvekillerinin bo\u015f sandalyelerini doldurma ama\u00e7l\u0131 yasama se\u00e7imlerinin yap\u0131lmas\u0131n\u0131 \u00f6ng\u00f6ren 2017\/272 say\u0131l\u0131 kararnameyi onaylad\u0131. Kararname gere\u011fince Halk Meclisinde Deyrezzor \u0130li milletvekillerine ait bo\u015f sandalyelerin doldurulmas\u0131 i\u00e7in 30 Eyl\u00fcl tarihinde yasama se\u00e7imleri yap\u0131lacak.<\/p>\n","protected":false},"author":1,"featured_media":124201,"comment_status":"closed","ping_status":"closed","sticky":false,"template":"","format":"standard","meta":{"footnotes":""},"categories":[479,605,17988,612,599,478],"tags":[19968,2494,20113,27614,19949,19548,16591,24013,22181],"class_list":["post-124199","post","type-post","status-publish","format-standard","has-post-thumbnail","","category-haberler-yerel","category-sayin-cumhurbaskani","category-son-haberler","category-yasama-kararnameler","category-yasama-ve-kanunlar","category-yerel","tag-bessar-esad","tag-deyrezzor","tag-esad","tag-milletvekili","tag-milletvekili-secimleri","tag-parlamento-secimleri","tag-suriye","tag-suriye-parlamentosu","tag-suriyeliler"],"_links":{"self":[{"href":"https:\/\/archive.sana.sy\/tr\/index.php?rest_route=\/wp\/v2\/posts\/124199","targetHints":{"allow":["GET"]}}],"collection":[{"href":"https:\/\/archive.sana.sy\/tr\/index.php?rest_route=\/wp\/v2\/posts"}],"about":[{"href":"https:\/\/archive.sana.sy\/tr\/index.php?rest_route=\/wp\/v2\/types\/post"}],"author":[{"embeddable":true,"href":"https:\/\/archive.sana.sy\/tr\/index.php?rest_route=\/wp\/v2\/users\/1"}],"replies":[{"embeddable":true,"href":"https:\/\/archive.sana.sy\/tr\/index.php?rest_route=%2Fwp%2Fv2%2Fcomments&post=124199"}],"version-history":[{"count":0,"href":"https:\/\/archive.sana.sy\/tr\/index.php?rest_route=\/wp\/v2\/posts\/124199\/revisions"}],"wp:featuredmedia":[{"embeddable":true,"href":"https:\/\/archive.sana.sy\/tr\/index.php?rest_route=\/wp\/v2\/media\/124201"}],"wp:attachment":[{"href":"https:\/\/archive.sana.sy\/tr\/index.php?rest_route=%2Fwp%2Fv2%2Fmedia&parent=124199"}],"wp:term":[{"taxonomy":"category","embeddable":true,"href":"https:\/\/archive.sana.sy\/tr\/index.php?rest_route=%2Fwp%2Fv2%2Fcategories&post=124199"},{"taxonomy":"post_tag","embeddable":true,"href":"https:\/\/archive.sana.sy\/tr\/index.php?rest_route=%2Fwp%2Fv2%2Ftags&post=124199"}],"curies":[{"name":"wp","href":"https:\/\/api.w.org\/{rel}","templated":true}]}}