{"id":124200,"date":"2017-09-11T09:00:45","date_gmt":"2017-09-11T06:00:45","guid":{"rendered":"http:\/\/www.sana.sy\/tr\/?p=124200"},"modified":"2017-09-12T16:31:46","modified_gmt":"2017-09-12T13:31:46","slug":"altinci-tur-genel-toplantisi-cuma-gunu-olacak","status":"publish","type":"post","link":"https:\/\/archive.sana.sy\/tr\/?p=124200","title":{"rendered":"Alt\u0131nc\u0131 Tur Genel Toplant\u0131s\u0131 Cuma G\u00fcn\u00fc Olacak"},"content":{"rendered":"<p>ASTANA \u2013 Kazakistan D\u0131\u015fi\u015fleri Bakanl\u0131\u011f\u0131 bug\u00fcn, Suriye konulu Astana g\u00f6r\u00fc\u015fmelerinin 6. Tur genel toplant\u0131s\u0131n\u0131n \u00f6n\u00fcm\u00fczdeki Cuma g\u00fcn\u00fc d\u00fczenlenece\u011fini ilan etti.<\/p>\n<p>Kazakistan D\u0131\u015fi\u015fleri Bakanl\u0131\u011f\u0131 bas\u0131n ofisi yay\u0131nlad\u0131\u011f\u0131 b\u00fcltende, Astana g\u00f6r\u00fc\u015fmelerinin alt\u0131nc\u0131 tur genel toplant\u0131s\u0131n\u0131n 15 Eyl\u00fcl Cuma g\u00fcn\u00fc d\u00fczenlenece\u011fini a\u00e7\u0131klayarak, bas\u0131n mensuplar\u0131n\u0131 g\u00f6r\u00fc\u015fmeleri izlemelerine davet etti.<\/p>\n","protected":false},"excerpt":{"rendered":"<p>ASTANA \u2013 Kazakistan D\u0131\u015fi\u015fleri Bakanl\u0131\u011f\u0131 bug\u00fcn, Suriye konulu Astana g\u00f6r\u00fc\u015fmelerinin 6. Tur genel toplant\u0131s\u0131n\u0131n \u00f6n\u00fcm\u00fczdeki Cuma g\u00fcn\u00fc d\u00fczenlenece\u011fini ilan etti. Kazakistan D\u0131\u015fi\u015fleri Bakanl\u0131\u011f\u0131 bas\u0131n ofisi yay\u0131nlad\u0131\u011f\u0131 b\u00fcltende, Astana g\u00f6r\u00fc\u015fmelerinin alt\u0131nc\u0131 tur genel toplant\u0131s\u0131n\u0131n 15 Eyl\u00fcl Cuma g\u00fcn\u00fc d\u00fczenlenece\u011fini a\u00e7\u0131klayarak, bas\u0131n mensuplar\u0131n\u0131 g\u00f6r\u00fc\u015fmeleri izlemelerine davet etti.<\/p>\n","protected":false},"author":1,"featured_media":124205,"comment_status":"closed","ping_status":"closed","sticky":false,"template":"","format":"standard","meta":{"footnotes":""},"categories":[458,459,17988],"tags":[26400,8827,16591,26751,22181],"class_list":["post-124200","post","type-post","status-publish","format-standard","has-post-thumbnail","","category-dunya1","category-haberler-arap-uluslararasi-politika","category-son-haberler","tag-astana-gorusmeleri","tag-kazakistan","tag-suriye","tag-suriye-baris-gorusmeleri","tag-suriyeliler"],"_links":{"self":[{"href":"https:\/\/archive.sana.sy\/tr\/index.php?rest_route=\/wp\/v2\/posts\/124200","targetHints":{"allow":["GET"]}}],"collection":[{"href":"https:\/\/archive.sana.sy\/tr\/index.php?rest_route=\/wp\/v2\/posts"}],"about":[{"href":"https:\/\/archive.sana.sy\/tr\/index.php?rest_route=\/wp\/v2\/types\/post"}],"author":[{"embeddable":true,"href":"https:\/\/archive.sana.sy\/tr\/index.php?rest_route=\/wp\/v2\/users\/1"}],"replies":[{"embeddable":true,"href":"https:\/\/archive.sana.sy\/tr\/index.php?rest_route=%2Fwp%2Fv2%2Fcomments&post=124200"}],"version-history":[{"count":0,"href":"https:\/\/archive.sana.sy\/tr\/index.php?rest_route=\/wp\/v2\/posts\/124200\/revisions"}],"wp:featuredmedia":[{"embeddable":true,"href":"https:\/\/archive.sana.sy\/tr\/index.php?rest_route=\/wp\/v2\/media\/124205"}],"wp:attachment":[{"href":"https:\/\/archive.sana.sy\/tr\/index.php?rest_route=%2Fwp%2Fv2%2Fmedia&parent=124200"}],"wp:term":[{"taxonomy":"category","embeddable":true,"href":"https:\/\/archive.sana.sy\/tr\/index.php?rest_route=%2Fwp%2Fv2%2Fcategories&post=124200"},{"taxonomy":"post_tag","embeddable":true,"href":"https:\/\/archive.sana.sy\/tr\/index.php?rest_route=%2Fwp%2Fv2%2Ftags&post=124200"}],"curies":[{"name":"wp","href":"https:\/\/api.w.org\/{rel}","templated":true}]}}