{"id":124210,"date":"2017-09-11T14:57:43","date_gmt":"2017-09-11T11:57:43","guid":{"rendered":"http:\/\/www.sana.sy\/tr\/?p=124210"},"modified":"2017-09-12T18:41:02","modified_gmt":"2017-09-12T15:41:02","slug":"konferans-40tan-fazla-devletten-katilimla-basladi","status":"publish","type":"post","link":"https:\/\/archive.sana.sy\/tr\/?p=124210","title":{"rendered":"Konferans 40\u2019tan Fazla Devletten Kat\u0131l\u0131mla Ba\u015flad\u0131 (video)"},"content":{"rendered":"<p>\u015eAM KIRSALI \u2013 Dayat\u0131lan muhtelif y\u00f6nl\u00fc bu sava\u015f ve ekonomik yapt\u0131r\u0131mlar kar\u015f\u0131s\u0131nda Suriye i\u015f\u00e7ileri ve halk\u0131yla dayan\u0131\u015fma ama\u00e7l\u0131 uluslar aras\u0131 i\u015f\u00e7i sendikalar\u0131 konferans\u0131 bug\u00fcn ba\u015fkent \u015eam k\u0131rsal\u0131n\u0131n bat\u0131s\u0131nda yer alan Sahari Turizm Kompleksinde faaliyetlerine ba\u015flad\u0131.<\/p>\n<p><a href=\"http:\/\/www.sana.sy\/tr\/wp-content\/uploads\/2017\/09\/18.jpg\"><img loading=\"lazy\" decoding=\"async\" class=\"alignright wp-image-124215 size-medium\" src=\"http:\/\/www.sana.sy\/tr\/wp-content\/uploads\/2017\/09\/18-300x192.jpg\" alt=\"\" width=\"300\" height=\"192\" srcset=\"https:\/\/archive.sana.sy\/tr\/wp-content\/uploads\/2017\/09\/18-300x192.jpg 300w, https:\/\/archive.sana.sy\/tr\/wp-content\/uploads\/2017\/09\/18-150x96.jpg 150w, https:\/\/archive.sana.sy\/tr\/wp-content\/uploads\/2017\/09\/18-768x491.jpg 768w, https:\/\/archive.sana.sy\/tr\/wp-content\/uploads\/2017\/09\/18-1024x654.jpg 1024w\" sizes=\"auto, (max-width: 300px) 100vw, 300px\" \/><\/a>Cumhurba\u015fkan\u0131 Be\u015f\u015far el Esad\u2019\u0131n g\u00f6zetimi alt\u0131nda d\u00fczenlenen konferansa T\u00fcrkiye\u2019nin de aralar\u0131nda bulundu\u011fu 40\u2019ta fazla \u00fclkeden 65 i\u015f\u00e7i sendikas\u0131 ve \u00f6rg\u00fct\u00fcn\u00fcn yan\u0131 s\u0131ra 100\u2019den fazla siyasi, d\u00fc\u015f\u00fcn\u00fcr, sendikal ve gazeteci \u015fahsiyet kat\u0131l\u0131yor.<\/p>\n<p>Konferans\u0131n a\u00e7\u0131l\u0131\u015f\u0131na Ba\u015fbakan \u0130mad Hamis; Baas Partisi ulusal merkez y\u00f6netim kurulu \u00fcyeleri, Ulusal \u0130lerici Cephe ba\u015fkan yard\u0131mc\u0131s\u0131 , sa\u011fl\u0131k bakan\u0131, petrol bakan\u0131, bir\u00e7ok milletvekili, Arap ve yabanc\u0131 b\u00fcy\u00fckel\u00e7iler, mesleki \u00f6rg\u00fct ve sendikal \u015fahsiyetler kat\u0131ld\u0131.<\/p>\n<p>Konferans etkinlikleri kapsam\u0131nda Suriye&#8217;de i\u015f\u00e7ilerin durumuna \u0131\u015f\u0131k tutan, Suriyeli i\u015f\u00e7ilerin Suriye ve halk\u0131n\u0131 savunma ama\u00e7l\u0131 \u00e7abalar\u0131 ve d\u00fc\u015fmanlara kar\u015f\u0131 saf birli\u011fini g\u00f6steren bir belgesel film g\u00f6sterimi yap\u0131ld\u0131.<\/p>\n<p>\u0130ki g\u00fcn s\u00fcreyle d\u00fczenlenen konferansta kat\u0131l\u0131mc\u0131lar Suriye ve halk\u0131yla dayan\u0131\u015fma olanaklar\u0131n\u0131n yan\u0131 s\u0131ra radikal ideolojilere kar\u015f\u0131 medya, sendika ve sivil toplum kurumlar\u0131n\u0131n rol\u00fcn\u00fc tart\u0131\u015f\u0131yor. Ayn\u0131 zamanda bir nevi ter\u00f6r niteli\u011finde say\u0131lan ekonomik yapt\u0131r\u0131mlarla m\u00fccadele ve bu yapt\u0131r\u0131mlar\u0131n Suriye halk\u0131 ve toplumuna yans\u0131malar\u0131n\u0131 g\u00f6zden ge\u00e7iriyor.<\/p>\n<div id='gallery-1' class='gallery galleryid-124210 gallery-columns-4 gallery-size-thumbnail'><figure class='gallery-item'>\n\t\t\t<div class='gallery-icon landscape'>\n\t\t\t\t<a href='https:\/\/archive.sana.sy\/tr\/wp-content\/uploads\/2017\/09\/1-71.jpg'><img loading=\"lazy\" decoding=\"async\" width=\"150\" height=\"105\" src=\"https:\/\/archive.sana.sy\/tr\/wp-content\/uploads\/2017\/09\/1-71-150x105.jpg\" class=\"attachment-thumbnail size-thumbnail\" alt=\"\" srcset=\"https:\/\/archive.sana.sy\/tr\/wp-content\/uploads\/2017\/09\/1-71-150x105.jpg 150w, https:\/\/archive.sana.sy\/tr\/wp-content\/uploads\/2017\/09\/1-71-300x210.jpg 300w, https:\/\/archive.sana.sy\/tr\/wp-content\/uploads\/2017\/09\/1-71-768x538.jpg 768w, https:\/\/archive.sana.sy\/tr\/wp-content\/uploads\/2017\/09\/1-71-1024x717.jpg 1024w\" sizes=\"auto, (max-width: 150px) 100vw, 150px\" \/><\/a>\n\t\t\t<\/div><\/figure><figure class='gallery-item'>\n\t\t\t<div class='gallery-icon landscape'>\n\t\t\t\t<a href='https:\/\/archive.sana.sy\/tr\/wp-content\/uploads\/2017\/09\/3-19.jpg'><img loading=\"lazy\" decoding=\"async\" width=\"150\" height=\"101\" src=\"https:\/\/archive.sana.sy\/tr\/wp-content\/uploads\/2017\/09\/3-19-150x101.jpg\" class=\"attachment-thumbnail size-thumbnail\" alt=\"\" srcset=\"https:\/\/archive.sana.sy\/tr\/wp-content\/uploads\/2017\/09\/3-19-150x101.jpg 150w, https:\/\/archive.sana.sy\/tr\/wp-content\/uploads\/2017\/09\/3-19-300x201.jpg 300w, https:\/\/archive.sana.sy\/tr\/wp-content\/uploads\/2017\/09\/3-19-768x516.jpg 768w, https:\/\/archive.sana.sy\/tr\/wp-content\/uploads\/2017\/09\/3-19-1024x688.jpg 1024w, https:\/\/archive.sana.sy\/tr\/wp-content\/uploads\/2017\/09\/3-19-110x75.jpg 110w\" sizes=\"auto, (max-width: 150px) 100vw, 150px\" \/><\/a>\n\t\t\t<\/div><\/figure><figure class='gallery-item'>\n\t\t\t<div class='gallery-icon landscape'>\n\t\t\t\t<a href='https:\/\/archive.sana.sy\/tr\/wp-content\/uploads\/2017\/09\/10-1.jpg'><img loading=\"lazy\" decoding=\"async\" width=\"150\" height=\"105\" src=\"https:\/\/archive.sana.sy\/tr\/wp-content\/uploads\/2017\/09\/10-1-150x105.jpg\" class=\"attachment-thumbnail size-thumbnail\" alt=\"\" srcset=\"https:\/\/archive.sana.sy\/tr\/wp-content\/uploads\/2017\/09\/10-1-150x105.jpg 150w, https:\/\/archive.sana.sy\/tr\/wp-content\/uploads\/2017\/09\/10-1-300x210.jpg 300w, https:\/\/archive.sana.sy\/tr\/wp-content\/uploads\/2017\/09\/10-1-768x538.jpg 768w, https:\/\/archive.sana.sy\/tr\/wp-content\/uploads\/2017\/09\/10-1-1024x718.jpg 1024w\" sizes=\"auto, (max-width: 150px) 100vw, 150px\" \/><\/a>\n\t\t\t<\/div><\/figure><figure class='gallery-item'>\n\t\t\t<div class='gallery-icon landscape'>\n\t\t\t\t<a href='https:\/\/archive.sana.sy\/tr\/wp-content\/uploads\/2017\/09\/14.jpg'><img loading=\"lazy\" decoding=\"async\" width=\"150\" height=\"100\" src=\"https:\/\/archive.sana.sy\/tr\/wp-content\/uploads\/2017\/09\/14-150x100.jpg\" class=\"attachment-thumbnail size-thumbnail\" alt=\"\" srcset=\"https:\/\/archive.sana.sy\/tr\/wp-content\/uploads\/2017\/09\/14-150x100.jpg 150w, https:\/\/archive.sana.sy\/tr\/wp-content\/uploads\/2017\/09\/14-300x200.jpg 300w, https:\/\/archive.sana.sy\/tr\/wp-content\/uploads\/2017\/09\/14-768x511.jpg 768w, https:\/\/archive.sana.sy\/tr\/wp-content\/uploads\/2017\/09\/14-1024x682.jpg 1024w, https:\/\/archive.sana.sy\/tr\/wp-content\/uploads\/2017\/09\/14-310x205.jpg 310w\" sizes=\"auto, (max-width: 150px) 100vw, 150px\" \/><\/a>\n\t\t\t<\/div><\/figure>\n\t\t<\/div>\n\n<p>https:\/\/www.youtube.com\/watch?v=52T6uXJXl9U<\/p>\n","protected":false},"excerpt":{"rendered":"<p>\u015eAM KIRSALI \u2013 Dayat\u0131lan muhtelif y\u00f6nl\u00fc bu sava\u015f ve ekonomik yapt\u0131r\u0131mlar kar\u015f\u0131s\u0131nda Suriye i\u015f\u00e7ileri ve halk\u0131yla dayan\u0131\u015fma ama\u00e7l\u0131 uluslar aras\u0131 i\u015f\u00e7i sendikalar\u0131 konferans\u0131 bug\u00fcn ba\u015fkent \u015eam k\u0131rsal\u0131n\u0131n bat\u0131s\u0131nda yer alan Sahari Turizm Kompleksinde faaliyetlerine ba\u015flad\u0131. Cumhurba\u015fkan\u0131 Be\u015f\u015far el Esad\u2019\u0131n g\u00f6zetimi alt\u0131nda d\u00fczenlenen konferansa T\u00fcrkiye\u2019nin de aralar\u0131nda bulundu\u011fu 40\u2019ta fazla \u00fclkeden 65 i\u015f\u00e7i sendikas\u0131 ve \u00f6rg\u00fct\u00fcn\u00fcn &hellip;<\/p>\n","protected":false},"author":1,"featured_media":124214,"comment_status":"closed","ping_status":"closed","sticky":false,"template":"","format":"standard","meta":{"footnotes":""},"categories":[479,17988,2554,2555,478],"tags":[],"class_list":["post-124210","post","type-post","status-publish","format-standard","has-post-thumbnail","","category-haberler-yerel","category-son-haberler","category-suriye-ve-dunya","category-suriye-ve-turkiye","category-yerel"],"_links":{"self":[{"href":"https:\/\/archive.sana.sy\/tr\/index.php?rest_route=\/wp\/v2\/posts\/124210","targetHints":{"allow":["GET"]}}],"collection":[{"href":"https:\/\/archive.sana.sy\/tr\/index.php?rest_route=\/wp\/v2\/posts"}],"about":[{"href":"https:\/\/archive.sana.sy\/tr\/index.php?rest_route=\/wp\/v2\/types\/post"}],"author":[{"embeddable":true,"href":"https:\/\/archive.sana.sy\/tr\/index.php?rest_route=\/wp\/v2\/users\/1"}],"replies":[{"embeddable":true,"href":"https:\/\/archive.sana.sy\/tr\/index.php?rest_route=%2Fwp%2Fv2%2Fcomments&post=124210"}],"version-history":[{"count":0,"href":"https:\/\/archive.sana.sy\/tr\/index.php?rest_route=\/wp\/v2\/posts\/124210\/revisions"}],"wp:featuredmedia":[{"embeddable":true,"href":"https:\/\/archive.sana.sy\/tr\/index.php?rest_route=\/wp\/v2\/media\/124214"}],"wp:attachment":[{"href":"https:\/\/archive.sana.sy\/tr\/index.php?rest_route=%2Fwp%2Fv2%2Fmedia&parent=124210"}],"wp:term":[{"taxonomy":"category","embeddable":true,"href":"https:\/\/archive.sana.sy\/tr\/index.php?rest_route=%2Fwp%2Fv2%2Fcategories&post=124210"},{"taxonomy":"post_tag","embeddable":true,"href":"https:\/\/archive.sana.sy\/tr\/index.php?rest_route=%2Fwp%2Fv2%2Ftags&post=124210"}],"curies":[{"name":"wp","href":"https:\/\/api.w.org\/{rel}","templated":true}]}}