{"id":12429,"date":"2014-10-05T21:40:13","date_gmt":"2014-10-05T18:40:13","guid":{"rendered":"http:\/\/www.sanasyria.org\/tr\/?p=12429"},"modified":"2014-10-14T10:33:55","modified_gmt":"2014-10-14T07:33:55","slug":"erpash-vatanim-etkinligi-baris-cigligi-nitligindedir","status":"publish","type":"post","link":"https:\/\/archive.sana.sy\/tr\/?p=12429","title":{"rendered":"Erpash: Vatan\u0131m Etkinli\u011fi Bar\u0131\u015f \u00c7\u0131\u011fl\u0131\u011f\u0131 Niteli\u011findedir"},"content":{"rendered":"<p>PAR\u0130S \u2013 D\u00fcnyaca tan\u0131nan Suriyeli sanat\u00e7\u0131 Harch Erpash d\u00fcn ak\u015fam Paris\u2019te Aziz Severan Kilisesinde Fransa\u2019n\u0131n Beyaz Gece etkinlikleri \u00e7er\u00e7evesinde \u201cVatan\u0131m\u201d \u015fiar\u0131 alt\u0131nda sanatsal bir etkinlik d\u00fczenledi.<\/p>\n<p>SANA Paris Ofisine r\u00f6portaj veren Erpash; d\u00fczenledi\u011fi etkinli\u011fin bar\u0131\u015f \u00e7\u0131\u011fl\u0131\u011f\u0131 niteli\u011finde oldu\u011funu dile getirerek sanatsal \u00e7al\u0131\u015fmalar\u0131n insanl\u0131\u011fa hizmet etmesi gerekti\u011fin ve gerek Suriye\u2019de gerekse d\u00fcnyan\u0131n d\u00f6rt bir yan\u0131nda insanl\u0131\u011f\u0131n en b\u00fcy\u00fck ihtiyac\u0131n\u0131n bar\u0131\u015f ve huzur oldu\u011funu belirtti.<\/p>\n<p>Vatan\u0131m etkinli\u011finin y\u00fcrekten gelen ve y\u00fcreklere hitap eden sanatsal bir etkinlik oldu\u011funu ifade eden Erpash; siyasi, ticari ya da ki\u015fisel \u00e7\u0131karlardan tamamen ba\u011f\u0131ms\u0131z olan sanat\u0131n bar\u0131\u015f, sevgi ve ho\u015fg\u00f6r\u00fc mesaj\u0131 vermenin en g\u00fczel yolu oldu\u011funu belirtti.<\/p>\n<p>Vatan\u0131m etkinli\u011finin H\u0131ristiyanl\u0131k ve \u0130slam d\u00fcnyalar\u0131 aras\u0131ndaki kayna\u015fma ve birli\u011fin sembolize etti\u011fine de\u011finen Erpash; iki din aras\u0131ndaki bu kayna\u015fma ve birli\u011fin insano\u011flunun azap ve ac\u0131ya kar\u015f\u0131 zaferi anlam\u0131na geldi\u011finin alt\u0131n\u0131 \u00e7izdi.<\/p>\n<p>Bilinece\u011fi \u00fczere Paris\u2019te her y\u0131l Ekim ay\u0131n\u0131n ilk haftas\u0131 \u201cBeyaz Gece\u201d etkinlikleri d\u00fczenleniyor. \u201cBeyaz Gece\u201d etkinlikleri \u0130skandinavya \u00fclkelerinde kutlanan ve ad\u0131n\u0131 b\u00fct\u00fcn m\u00fcze, galeri ve fuarlar\u0131n gece g\u00fcnd\u00fcz ziyaret\u00e7ilerine a\u00e7\u0131k olmas\u0131ndan alan etkinlikler olarak bilinir.<\/p>\n<div id='gallery-1' class='gallery galleryid-12429 gallery-columns-2 gallery-size-thumbnail'><figure class='gallery-item'>\n\t\t\t<div class='gallery-icon landscape'>\n\t\t\t\t<a href='https:\/\/archive.sana.sy\/tr\/wp-content\/uploads\/2014\/10\/sanat-2.jpg'><img loading=\"lazy\" decoding=\"async\" width=\"150\" height=\"112\" src=\"https:\/\/archive.sana.sy\/tr\/wp-content\/uploads\/2014\/10\/sanat-2-150x112.jpg\" class=\"attachment-thumbnail size-thumbnail\" alt=\"\" srcset=\"https:\/\/archive.sana.sy\/tr\/wp-content\/uploads\/2014\/10\/sanat-2-150x112.jpg 150w, https:\/\/archive.sana.sy\/tr\/wp-content\/uploads\/2014\/10\/sanat-2-300x225.jpg 300w, https:\/\/archive.sana.sy\/tr\/wp-content\/uploads\/2014\/10\/sanat-2-1024x768.jpg 1024w, https:\/\/archive.sana.sy\/tr\/wp-content\/uploads\/2014\/10\/sanat-2.jpg 1280w\" sizes=\"auto, (max-width: 150px) 100vw, 150px\" \/><\/a>\n\t\t\t<\/div><\/figure><figure class='gallery-item'>\n\t\t\t<div class='gallery-icon landscape'>\n\t\t\t\t<a href='https:\/\/archive.sana.sy\/tr\/wp-content\/uploads\/2014\/10\/sanat-3.jpg'><img loading=\"lazy\" decoding=\"async\" width=\"150\" height=\"107\" src=\"https:\/\/archive.sana.sy\/tr\/wp-content\/uploads\/2014\/10\/sanat-3-150x107.jpg\" class=\"attachment-thumbnail size-thumbnail\" alt=\"\" srcset=\"https:\/\/archive.sana.sy\/tr\/wp-content\/uploads\/2014\/10\/sanat-3-150x107.jpg 150w, https:\/\/archive.sana.sy\/tr\/wp-content\/uploads\/2014\/10\/sanat-3-300x215.jpg 300w, https:\/\/archive.sana.sy\/tr\/wp-content\/uploads\/2014\/10\/sanat-3.jpg 960w\" sizes=\"auto, (max-width: 150px) 100vw, 150px\" \/><\/a>\n\t\t\t<\/div><\/figure><figure class='gallery-item'>\n\t\t\t<div class='gallery-icon landscape'>\n\t\t\t\t<a href='https:\/\/archive.sana.sy\/tr\/wp-content\/uploads\/2014\/10\/sanat-4.jpg'><img loading=\"lazy\" decoding=\"async\" width=\"150\" height=\"114\" src=\"https:\/\/archive.sana.sy\/tr\/wp-content\/uploads\/2014\/10\/sanat-4-150x114.jpg\" class=\"attachment-thumbnail size-thumbnail\" alt=\"\" srcset=\"https:\/\/archive.sana.sy\/tr\/wp-content\/uploads\/2014\/10\/sanat-4-150x114.jpg 150w, https:\/\/archive.sana.sy\/tr\/wp-content\/uploads\/2014\/10\/sanat-4-300x228.jpg 300w, https:\/\/archive.sana.sy\/tr\/wp-content\/uploads\/2014\/10\/sanat-4.jpg 960w\" sizes=\"auto, (max-width: 150px) 100vw, 150px\" \/><\/a>\n\t\t\t<\/div><\/figure><figure class='gallery-item'>\n\t\t\t<div class='gallery-icon landscape'>\n\t\t\t\t<a href='https:\/\/archive.sana.sy\/tr\/wp-content\/uploads\/2014\/10\/sanat-5.jpg'><img loading=\"lazy\" decoding=\"async\" width=\"150\" height=\"101\" src=\"https:\/\/archive.sana.sy\/tr\/wp-content\/uploads\/2014\/10\/sanat-5-150x101.jpg\" class=\"attachment-thumbnail size-thumbnail\" alt=\"\" srcset=\"https:\/\/archive.sana.sy\/tr\/wp-content\/uploads\/2014\/10\/sanat-5-150x101.jpg 150w, https:\/\/archive.sana.sy\/tr\/wp-content\/uploads\/2014\/10\/sanat-5-300x203.jpg 300w, https:\/\/archive.sana.sy\/tr\/wp-content\/uploads\/2014\/10\/sanat-5-1024x693.jpg 1024w, https:\/\/archive.sana.sy\/tr\/wp-content\/uploads\/2014\/10\/sanat-5.jpg 1226w\" sizes=\"auto, (max-width: 150px) 100vw, 150px\" \/><\/a>\n\t\t\t<\/div><\/figure>\n\t\t<\/div>\n\n","protected":false},"excerpt":{"rendered":"<p>PAR\u0130S \u2013 D\u00fcnyaca tan\u0131nan Suriyeli sanat\u00e7\u0131 Harch Erpash d\u00fcn ak\u015fam Paris\u2019te Aziz Severan Kilisesinde Fransa\u2019n\u0131n Beyaz Gece etkinlikleri \u00e7er\u00e7evesinde \u201cVatan\u0131m\u201d \u015fiar\u0131 alt\u0131nda sanatsal bir etkinlik d\u00fczenledi. SANA Paris Ofisine r\u00f6portaj veren Erpash; d\u00fczenledi\u011fi etkinli\u011fin bar\u0131\u015f \u00e7\u0131\u011fl\u0131\u011f\u0131 niteli\u011finde oldu\u011funu dile getirerek sanatsal \u00e7al\u0131\u015fmalar\u0131n insanl\u0131\u011fa hizmet etmesi gerekti\u011fin ve gerek Suriye\u2019de gerekse d\u00fcnyan\u0131n d\u00f6rt bir yan\u0131nda insanl\u0131\u011f\u0131n &hellip;<\/p>\n","protected":false},"author":1,"featured_media":12430,"comment_status":"closed","ping_status":"closed","sticky":false,"template":"","format":"standard","meta":{"footnotes":""},"categories":[596,526,511,525],"tags":[3206,3209,3208,3207],"class_list":["post-12429","post","type-post","status-publish","format-standard","has-post-thumbnail","","category-fotografli-raporlar","category-haber-ve-raporlar","category-kultur-ve-sanat","category-toplum","tag-erpash-vatanim-etkinligi-baris-cigligi-nitligindedir-paris-dunyaca-taninan-suriyeli-sanatci-harch-erpash-dun-aksam-pariste-aziz-severan-kilisesinde-fransanin-beyaz-gece-et","tag-galeri-ve-fuarlarin-gece-gunduz-ziyaretcilerine-acik-olmasindan-alan-etkinlikler-olarak-bilinir","tag-sevgi-ve-hosgoru-mesaji-vermenin-en-guzel-yolu-oldugunu-belirtti-vatanim-etkinliginin-hiristiyanlik-ve-islam-dunyalari-arasindaki-kaynasma-ve-birligin-sembolize-ettigine-deginen-erpash-iki-din-arasi","tag-ticari-ya-da-kisisel-cikarlardan-tamamen-bagimsiz-olan-sanatin-baris"],"_links":{"self":[{"href":"https:\/\/archive.sana.sy\/tr\/index.php?rest_route=\/wp\/v2\/posts\/12429","targetHints":{"allow":["GET"]}}],"collection":[{"href":"https:\/\/archive.sana.sy\/tr\/index.php?rest_route=\/wp\/v2\/posts"}],"about":[{"href":"https:\/\/archive.sana.sy\/tr\/index.php?rest_route=\/wp\/v2\/types\/post"}],"author":[{"embeddable":true,"href":"https:\/\/archive.sana.sy\/tr\/index.php?rest_route=\/wp\/v2\/users\/1"}],"replies":[{"embeddable":true,"href":"https:\/\/archive.sana.sy\/tr\/index.php?rest_route=%2Fwp%2Fv2%2Fcomments&post=12429"}],"version-history":[{"count":0,"href":"https:\/\/archive.sana.sy\/tr\/index.php?rest_route=\/wp\/v2\/posts\/12429\/revisions"}],"wp:featuredmedia":[{"embeddable":true,"href":"https:\/\/archive.sana.sy\/tr\/index.php?rest_route=\/wp\/v2\/media\/12430"}],"wp:attachment":[{"href":"https:\/\/archive.sana.sy\/tr\/index.php?rest_route=%2Fwp%2Fv2%2Fmedia&parent=12429"}],"wp:term":[{"taxonomy":"category","embeddable":true,"href":"https:\/\/archive.sana.sy\/tr\/index.php?rest_route=%2Fwp%2Fv2%2Fcategories&post=12429"},{"taxonomy":"post_tag","embeddable":true,"href":"https:\/\/archive.sana.sy\/tr\/index.php?rest_route=%2Fwp%2Fv2%2Ftags&post=12429"}],"curies":[{"name":"wp","href":"https:\/\/api.w.org\/{rel}","templated":true}]}}