{"id":12442,"date":"2014-10-05T23:36:02","date_gmt":"2014-10-05T20:36:02","guid":{"rendered":"http:\/\/www.sanasyria.org\/tr\/?p=12442"},"modified":"2014-10-05T23:36:02","modified_gmt":"2014-10-05T20:36:02","slug":"hizbullah-tekfircileri-agir-kayiplarla-geri-puskurttu","status":"publish","type":"post","link":"https:\/\/archive.sana.sy\/tr\/?p=12442","title":{"rendered":"Hizbullah Tekfircileri A\u011f\u0131r Kay\u0131plarla Geri P\u00fcsk\u00fcrtt\u00fc"},"content":{"rendered":"<p>BEYRUT \u2013 \u0130srail i\u015fgal g\u00fc\u00e7lerinin L\u00fcbnan&#8217;\u0131n g\u00fcneyinde L\u00fcbnan ordusunun bir mevkiine sald\u0131r\u0131s\u0131na e\u015f zamanl\u0131 olarak tekfirci bir ter\u00f6r \u00f6rg\u00fct\u00fc L\u00fcbnan&#8217;\u0131n do\u011fusunda ulusal direni\u015f g\u00fc\u00e7lerinin bir mevkiine sald\u0131rd\u0131.<\/p>\n<p>\u0130srail g\u00fc\u00e7lerinin L\u00fcbnan ordusunun mevkiine sald\u0131r\u0131s\u0131nda L\u00fcbnanl\u0131 bir asker yaralan\u0131rken, tekfircilerin direni\u015f g\u00fc\u00e7leri mevkiine sald\u0131r\u0131s\u0131 \u00e7\u00f6kertildi.<br \/>\n\u0130ki sald\u0131r\u0131n\u0131n e\u015f zamanl\u0131 olmas\u0131 I\u015e\u0130D ter\u00f6r\u00fcyle Siyonist \u0130srail aras\u0131ndaki ba\u011flant\u0131lar\u0131 net bir \u015fekilde kan\u0131tl\u0131yor.<\/p>\n<p>L\u00fcbnanl\u0131 Menar Televizyonu \u2018Hizbullah direni\u015f\u00e7ilerinin Birytal Da\u011flar\u0131nda Birytal Kentinden 20 km uzakl\u0131kta Ayn el Saa olarak bilinen bir b\u00f6lgede tekfirci cemaatlerin sald\u0131r\u0131s\u0131na kar\u015f\u0131 koyup onlar\u0131 olduk\u00e7a b\u00fcy\u00fck kay\u0131plara u\u011fratt\u0131\u011f\u0131n\u0131 belirtirken, olduk\u00e7a y\u00fcksek say\u0131da ter\u00f6risti \u00f6l\u00fc yaral\u0131 d\u00fc\u015f\u00fcrd\u00fc\u011f\u00fcn\u00fc\u2019 aktard\u0131.<\/p>\n<p>L\u00fcbnan Kanal\u0131 muhabiri ise direni\u015f g\u00fc\u00e7lerinin ayr\u0131ca Bunin da\u011fl\u0131k alanlar\u0131na s\u0131zmaya \u00e7al\u0131\u015fan tekfirci ter\u00f6r \u00e7etelere kar\u015f\u0131 koyup 10 ter\u00f6risti \u00f6ld\u00fcrd\u00fcklerini ve \u00e7ok say\u0131da ter\u00f6risti yaralad\u0131klar\u0131n\u0131 aktard\u0131.<\/p>\n","protected":false},"excerpt":{"rendered":"<p>BEYRUT \u2013 \u0130srail i\u015fgal g\u00fc\u00e7lerinin L\u00fcbnan&#8217;\u0131n g\u00fcneyinde L\u00fcbnan ordusunun bir mevkiine sald\u0131r\u0131s\u0131na e\u015f zamanl\u0131 olarak tekfirci bir ter\u00f6r \u00f6rg\u00fct\u00fc L\u00fcbnan&#8217;\u0131n do\u011fusunda ulusal direni\u015f g\u00fc\u00e7lerinin bir mevkiine sald\u0131rd\u0131. \u0130srail g\u00fc\u00e7lerinin L\u00fcbnan ordusunun mevkiine sald\u0131r\u0131s\u0131nda L\u00fcbnanl\u0131 bir asker yaralan\u0131rken, tekfircilerin direni\u015f g\u00fc\u00e7leri mevkiine sald\u0131r\u0131s\u0131 \u00e7\u00f6kertildi. \u0130ki sald\u0131r\u0131n\u0131n e\u015f zamanl\u0131 olmas\u0131 I\u015e\u0130D ter\u00f6r\u00fcyle Siyonist \u0130srail aras\u0131ndaki ba\u011flant\u0131lar\u0131 net &hellip;<\/p>\n","protected":false},"author":1,"featured_media":12443,"comment_status":"closed","ping_status":"closed","sticky":false,"template":"","format":"standard","meta":{"footnotes":""},"categories":[458,459,447],"tags":[3216,3218,3217],"class_list":["post-12442","post","type-post","status-publish","format-standard","has-post-thumbnail","","category-dunya1","category-haberler-arap-uluslararasi-politika","category-politika","tag-hizbullah-tekfircileri-agir-kayiplarla-geri-puskurttu-beyrut-israil-isgal-guclerinin-lubnanin-guneyinde-lubnan-ordusunun-bir-mevkiine-saldirisina-es-zamanli-olarak-tekfirci-bir-teror-orgutu","tag-oldukca-yuksek-sayida-teroristi-olu-yarali-dusurdugunu-aktardi-lubnan-kanali-muhabiri-ise-direnis-guclerinin-ayrica-bunin-daglik-alanlarina-sizmaya-calisan-tekfirci-teror-cetelere-karsi-koyu","tag-tekfircilerin-direnis-gucleri-mevkiine-saldirisi-cokertildi-iki-saldirinin-es-zamanli-olmasi-isid-teroruyle-siyonist-israil-arasindaki-baglantilari-net-bir-sekilde-kanitliyor-lubnanli-menar-televizy"],"_links":{"self":[{"href":"https:\/\/archive.sana.sy\/tr\/index.php?rest_route=\/wp\/v2\/posts\/12442","targetHints":{"allow":["GET"]}}],"collection":[{"href":"https:\/\/archive.sana.sy\/tr\/index.php?rest_route=\/wp\/v2\/posts"}],"about":[{"href":"https:\/\/archive.sana.sy\/tr\/index.php?rest_route=\/wp\/v2\/types\/post"}],"author":[{"embeddable":true,"href":"https:\/\/archive.sana.sy\/tr\/index.php?rest_route=\/wp\/v2\/users\/1"}],"replies":[{"embeddable":true,"href":"https:\/\/archive.sana.sy\/tr\/index.php?rest_route=%2Fwp%2Fv2%2Fcomments&post=12442"}],"version-history":[{"count":0,"href":"https:\/\/archive.sana.sy\/tr\/index.php?rest_route=\/wp\/v2\/posts\/12442\/revisions"}],"wp:featuredmedia":[{"embeddable":true,"href":"https:\/\/archive.sana.sy\/tr\/index.php?rest_route=\/wp\/v2\/media\/12443"}],"wp:attachment":[{"href":"https:\/\/archive.sana.sy\/tr\/index.php?rest_route=%2Fwp%2Fv2%2Fmedia&parent=12442"}],"wp:term":[{"taxonomy":"category","embeddable":true,"href":"https:\/\/archive.sana.sy\/tr\/index.php?rest_route=%2Fwp%2Fv2%2Fcategories&post=12442"},{"taxonomy":"post_tag","embeddable":true,"href":"https:\/\/archive.sana.sy\/tr\/index.php?rest_route=%2Fwp%2Fv2%2Ftags&post=12442"}],"curies":[{"name":"wp","href":"https:\/\/api.w.org\/{rel}","templated":true}]}}