{"id":124443,"date":"2017-09-14T13:00:46","date_gmt":"2017-09-14T10:00:46","guid":{"rendered":"http:\/\/www.sana.sy\/tr\/?p=124443"},"modified":"2017-09-15T13:33:34","modified_gmt":"2017-09-15T10:33:34","slug":"tum-kosullara-ve-zorluklara-ragmen","status":"publish","type":"post","link":"https:\/\/archive.sana.sy\/tr\/?p=124443","title":{"rendered":"T\u00fcm Ko\u015fullara ve Zorluklara Ra\u011fmen"},"content":{"rendered":"<p>Z\u00dcR\u0130H \u2013 Suriye futbol tak\u0131m\u0131, Suriye ve halk\u0131na kar\u015f\u0131 dayat\u0131lan sava\u015f ve yapt\u0131r\u0131mlar\u0131n yol a\u00e7t\u0131\u011f\u0131 t\u00fcm zorluklara ra\u011fmen \u00fcst\u00fcn ba\u015far\u0131lar\u0131n\u0131 s\u00fcrd\u00fcrerek, Suriyelilerin azim ve kararl\u0131l\u0131\u011f\u0131n\u0131 kan\u0131tlamaya devam ediyor.<\/p>\n<p>2018 D\u00fcnya Kupas\u0131 Asya elemelerinde Katar\u2019\u0131 1-3 yenen ve \u0130ran ile 2-2 berabere kalmas\u0131 ard\u0131ndan Suriye tak\u0131m\u0131 uluslar aras\u0131 s\u0131ralamada d\u00fcnya tak\u0131mlar\u0131 aras\u0131nda 75. s\u0131raya, Asya tak\u0131mlar\u0131 aras\u0131nda da 9. s\u0131raya y\u00fckseldi.<\/p>\n<p>Suriye tak\u0131m\u0131 1993 y\u0131l\u0131ndan bu yana d\u00fcnya futbol tak\u0131mlar\u0131 s\u0131ralamas\u0131nda ilk kez bu konuma y\u00fckseliyor.<\/p>\n","protected":false},"excerpt":{"rendered":"<p>Z\u00dcR\u0130H \u2013 Suriye futbol tak\u0131m\u0131, Suriye ve halk\u0131na kar\u015f\u0131 dayat\u0131lan sava\u015f ve yapt\u0131r\u0131mlar\u0131n yol a\u00e7t\u0131\u011f\u0131 t\u00fcm zorluklara ra\u011fmen \u00fcst\u00fcn ba\u015far\u0131lar\u0131n\u0131 s\u00fcrd\u00fcrerek, Suriyelilerin azim ve kararl\u0131l\u0131\u011f\u0131n\u0131 kan\u0131tlamaya devam ediyor. 2018 D\u00fcnya Kupas\u0131 Asya elemelerinde Katar\u2019\u0131 1-3 yenen ve \u0130ran ile 2-2 berabere kalmas\u0131 ard\u0131ndan Suriye tak\u0131m\u0131 uluslar aras\u0131 s\u0131ralamada d\u00fcnya tak\u0131mlar\u0131 aras\u0131nda 75. s\u0131raya, Asya tak\u0131mlar\u0131 &hellip;<\/p>\n","protected":false},"author":1,"featured_media":124444,"comment_status":"closed","ping_status":"closed","sticky":false,"template":"","format":"standard","meta":{"footnotes":""},"categories":[498,17988,496],"tags":[32362,26998,29643,16591,31170,25296,27728,22181],"class_list":["post-124443","post","type-post","status-publish","format-standard","has-post-thumbnail","","category-dunya-turnuvalari","category-son-haberler","category-spor","tag-dunya-futbol-takimlari-siralamasi","tag-futbol","tag-milli-takim","tag-suriye","tag-suriye-futbolu","tag-suriye-milli-takimi","tag-suriye-takimi","tag-suriyeliler"],"_links":{"self":[{"href":"https:\/\/archive.sana.sy\/tr\/index.php?rest_route=\/wp\/v2\/posts\/124443","targetHints":{"allow":["GET"]}}],"collection":[{"href":"https:\/\/archive.sana.sy\/tr\/index.php?rest_route=\/wp\/v2\/posts"}],"about":[{"href":"https:\/\/archive.sana.sy\/tr\/index.php?rest_route=\/wp\/v2\/types\/post"}],"author":[{"embeddable":true,"href":"https:\/\/archive.sana.sy\/tr\/index.php?rest_route=\/wp\/v2\/users\/1"}],"replies":[{"embeddable":true,"href":"https:\/\/archive.sana.sy\/tr\/index.php?rest_route=%2Fwp%2Fv2%2Fcomments&post=124443"}],"version-history":[{"count":0,"href":"https:\/\/archive.sana.sy\/tr\/index.php?rest_route=\/wp\/v2\/posts\/124443\/revisions"}],"wp:featuredmedia":[{"embeddable":true,"href":"https:\/\/archive.sana.sy\/tr\/index.php?rest_route=\/wp\/v2\/media\/124444"}],"wp:attachment":[{"href":"https:\/\/archive.sana.sy\/tr\/index.php?rest_route=%2Fwp%2Fv2%2Fmedia&parent=124443"}],"wp:term":[{"taxonomy":"category","embeddable":true,"href":"https:\/\/archive.sana.sy\/tr\/index.php?rest_route=%2Fwp%2Fv2%2Fcategories&post=124443"},{"taxonomy":"post_tag","embeddable":true,"href":"https:\/\/archive.sana.sy\/tr\/index.php?rest_route=%2Fwp%2Fv2%2Ftags&post=124443"}],"curies":[{"name":"wp","href":"https:\/\/api.w.org\/{rel}","templated":true}]}}